{"id":111831,"date":"2019-08-25T12:35:14","date_gmt":"2019-08-25T15:35:14","guid":{"rendered":"http:\/\/www.caririemacao.com\/1\/?p=111831"},"modified":"2019-08-25T12:36:06","modified_gmt":"2019-08-25T15:36:06","slug":"paraiba-reduz-acoes-de-desmatamento-da-mata-atlantica-em-47-aponta-relatorio","status":"publish","type":"post","link":"https:\/\/www.caririemacao.com\/1\/2019\/08\/25\/paraiba-reduz-acoes-de-desmatamento-da-mata-atlantica-em-47-aponta-relatorio\/","title":{"rendered":"Para\u00edba reduz a\u00e7\u00f5es de desmatamento da Mata Atl\u00e2ntica em 47%, aponta relat\u00f3rio"},"content":{"rendered":"\n<p>A Para\u00edba registrou uma redu\u00e7\u00e3o de 47% nas a\u00e7\u00f5es de desflorestamento da Mata Atl\u00e2ntica no per\u00edodo 2017-2018, em compara\u00e7\u00e3o ao per\u00edodo de 2016-2017, de acordo com um&nbsp;<a href=\"https:\/\/www.sosma.org.br\/wp-content\/uploads\/2019\/06\/Atlas-mata-atlanticaDIGITAL.pdf\" target=\"_blank\" rel=\"noreferrer noopener\">relat\u00f3rio divulgado este ano<\/a>&nbsp;pela Funda\u00e7\u00e3o SOS Mata Atl\u00e2ntica e pelo Instituto Nacional de Pesquisas Espaciais. Os dados indicam que o estado conserva apenas cerca de 11% da cobertura original desse bioma.<\/p>\n\n\n\n<p>Em todo o pa\u00eds, incluindo outras 16 unidades da federa\u00e7\u00e3o, o bioma abriga, segundo o Minist\u00e9rio do Meio Ambiente, cerca de 20 mil esp\u00e9cies vegetais, al\u00e9m de aproximadamente 850 esp\u00e9cies de aves, 370 de anf\u00edbios, 270 de mam\u00edferos e 350 de peixes.<\/p>\n\n\n\n<p>Para Rubens Benini, gerente de estrat\u00e9gia de restaura\u00e7\u00e3o florestal da organiza\u00e7\u00e3o The Nature Conservancy Am\u00e9rica Latina, a baixa cobertura no estado \u00e9 preocupante. \u201cQuando a gente chega a menos de 20% de um bioma em uma regi\u00e3o, esp\u00e9cies j\u00e1 n\u00e3o conseguem se reproduzir. \u00c9 preciso manter o m\u00e1ximo do bioma, conciliando com o desenvolvimento econ\u00f4mico\u201d, explicou.<\/p>\n\n\n\n<p>Apesar disso, a perspectiva aparenta ser positiva, j\u00e1 que o relat\u00f3rio da SOS Mata Atl\u00e2ntica indica que, enquanto no per\u00edodo de 2016-2017 haviam sido desmatados cerca de 63 hectares (ha) na Para\u00edba, em 2017-2018 essa \u00e1rea caiu para 33 ha.<\/p>\n\n\n\n<p>Na Para\u00edba, o bioma \u00e9 formado majoritariamente por \u00e1rea de mata, que abrange cerca de 54,9 hectares, assim como por 11,5 ha de mangue e 672 de restinga com \u00e1rvores, ainda segundo o relat\u00f3rio.<\/p>\n\n\n\n<h2 class=\"wp-block-heading\">Reflorestamento<\/h2>\n\n\n\n<p>O est\u00e1gio de recupera\u00e7\u00e3o da Mata Atl\u00e2ntica no pa\u00eds, a partir do ano de 2011 at\u00e9 2015, foi analisado por mais de 20 pesquisadores, incluindo Benini. O objetivo do estudo foi compreender se o Brasil conseguiria cumprir com o \u201cDesafio de Bonn\u201d, um compromisso global assumido pelo pa\u00eds de reflorestar 1 milh\u00e3o de hectares do bioma at\u00e9 2020. Os resultados foram publicados este ano, no&nbsp;<a href=\"https:\/\/www.sciencedirect.com\/science\/article\/pii\/S2530064418301275\" target=\"_blank\" rel=\"noreferrer noopener\">artigo intitulado&nbsp;<\/a>&#8220;H\u00e1 esperan\u00e7a para alcan\u00e7ar os compromissos ambiciosos para restaura\u00e7\u00e3o da Mata Atl\u00e2ntica&#8221;.<\/p>\n\n\n\n<p>A pesquisa constatou que, ao longo desse per\u00edodo, foram reflorestados cerca de 5,5 mil hectares de Mata Atl\u00e2ntica na Para\u00edba, que permaneceram nesse processo de recupera\u00e7\u00e3o at\u00e9 2017. A \u00e1rea \u00e9 uma das menores registradas entre os 14 estados acompanhados, por\u00e9m Rubens Benini destacou que, embora quest\u00f5es socioecon\u00f4micas da regi\u00e3o interfiram, \u00e9 preciso levar em conta outros fatores.<\/p>\n\n\n\n<p>\u201cPrimeiro por conta da cobertura florestal desse bioma na Para\u00edba, j\u00e1 que \u00e9 uma \u00e1rea um pouco menor. A gente pega S\u00e3o Paulo, Minas Gerais, a regi\u00e3o \u00e9 maior pela \u00e1rea relativa do estado. Mas \u00e9 importante a gente v\u00ea tamb\u00e9m que a Para\u00edba \u00e9 um estado que tem diminu\u00eddo o desmatamento\u201d, comentou.<\/p>\n\n\n\n<p>A equipe utilizou cole\u00e7\u00f5es de mapas e o mapeamento via sat\u00e9lite do projeto Mapbiomas para obter os dados. A estimativa \u00e9 que, nesse per\u00edodo, de 673 a 740 mil hectares de floresta nativa estivessem em processo de recupera\u00e7\u00e3o.<\/p>\n\n\n\n<p>Para ser considerada como floresta restaurada era preciso que a \u00e1rea:<\/p>\n\n\n\n<ul class=\"wp-block-list\"><li>Fosse anteriormente classificada como de agricultura ou de pasto por pelo menos cinco anos consecutivos;<\/li><li>Tivesse pelo menos cinco pixels conectados (no mapa) tamb\u00e9m classificados como de reflorestamento;<\/li><li>Fosse considerada como uma floresta por pelo menos tr\u00eas anos consecutivos e permanecesse nesse processo de recupera\u00e7\u00e3o at\u00e9 2017;<\/li><li>N\u00e3o fosse uma planta\u00e7\u00e3o comercial de \u00e1rvores.<\/li><\/ul>\n\n\n\n<p>Segundo Benini, a pesquisa mostrou que, embora seja ambiciosa, a meta do Desafio de Bonn \u00e9 poss\u00edvel. Contudo, o engenheiro florestal destacou que, mesmo com a regenera\u00e7\u00e3o natural, \u00e9 necess\u00e1rio adotar outras metodologias para potencializar o processo, como difus\u00e3o de informa\u00e7\u00f5es, por meio da educa\u00e7\u00e3o, assim como a melhoria nas formas de monitoramento.<\/p>\n\n\n\n<blockquote class=\"wp-block-quote is-layout-flow wp-block-quote-is-layout-flow\"><p>\u201cEsse trabalho trouxe uma ferramenta importante: o papel do setor p\u00fablico-privado, ir a campo, entender o que esses produtores ganharam para abandonar essas \u00e1reas que se regeneraram, criar pol\u00edticas p\u00fablicas de incentivo ao trabalho rural\u201d, disse.<\/p><\/blockquote>\n\n\n\n<h2 class=\"wp-block-heading\">Conserva\u00e7\u00e3o<\/h2>\n\n\n\n<p>A Para\u00edba conta com 16 unidades de conserva\u00e7\u00e3o ambiental, administradas pela Superintend\u00eancia de Administra\u00e7\u00e3o do Meio Ambiente (Sudema). Dessas, sete englobam \u00e1reas de Mata Atl\u00e2ntica.<\/p>\n\n\n\n<p>Esses espa\u00e7os est\u00e3o divididos em duas categorias:<\/p>\n\n\n\n<ul class=\"wp-block-list\"><li>De prote\u00e7\u00e3o integral, em que os recursos podem ser utilizados apenas de modo indireto, como para contempla\u00e7\u00e3o, turismo ecol\u00f3gico e pesquisa;<\/li><li>De uso sustent\u00e1vel, em que os recursos podem ser utilizados de forma direta, mas moderadamente.<\/li><\/ul>\n\n\n\n<p>Essas \u00e1reas foram estabelecidas para garantir a preserva\u00e7\u00e3o m\u00ednima do ecossistema, como explicou a coordenadora de estudos ambientais da Sudema, Christina Vasconcelos.<\/p>\n\n\n\n<p>\u201cSem as unidades, poderia haver perda de flora e fauna, que n\u00e3o conseguiriam ser restitu\u00eddas, levando \u00e0 extin\u00e7\u00e3o de esp\u00e9cies, o que afetaria a popula\u00e7\u00e3o como um todo, de in\u00fameras esferas, n\u00e3o s\u00f3 ambientais, pois tudo est\u00e1 interligado\u201d, afirmou.<\/p>\n\n\n\n<p>A capital paraibana tem o maior resqu\u00edcio de Mata Atl\u00e2ntica em espa\u00e7o urbano do estado, o Parque Estadual das Trilhas, com 578,55 ha. Al\u00e9m disso, Jo\u00e3o Pessoa conta com a Mata do Buraquinho, com 512,24 hectares, onde est\u00e1 situado o Jardim Bot\u00e2nico Benjamin Maranh\u00e3o. Em Bayeux, na Regi\u00e3o Metropolitana da cidade, est\u00e1 localizado o Parque Estadual da Mata do Xex\u00e9m, com 182 ha.<\/p>\n\n\n\n<p>No Litoral Norte, em Mamanguape, h\u00e1 a Esta\u00e7\u00e3o Ecol\u00f3gica Pau Brasil, com 82 hectares, enquanto no Litoral Sul, distribu\u00edda entre os munic\u00edpios de Alhandra, Pitimbu e do Conde, est\u00e1 a \u00c1rea de Preserva\u00e7\u00e3o Ambiental de Tambaba, com 11,5 mil hectares.<\/p>\n\n\n\n<p>No Brejo, na cidade de Bananeiras, h\u00e1 a \u00c1rea de Relevante Interesse Ecol\u00f3gico da Mata Goiamunduba, formada por 67 hectares. O munic\u00edpio divide a \u00c1rea de Preserva\u00e7\u00e3o Ambiental do Roncador, composta por 6.113 ha, com Pirpirituba.<\/p>\n\n\n\n<p><\/p>\n\n\n\n<p>Fonte:G1<\/p>\n\n\n\n<p><\/p>\n\n\n\n<p><br><\/p>\n","protected":false},"excerpt":{"rendered":"<p>A Para\u00edba registrou uma redu\u00e7\u00e3o de 47% nas a\u00e7\u00f5es de desflorestamento da Mata Atl\u00e2ntica no per\u00edodo 2017-2018, em compara\u00e7\u00e3o ao per\u00edodo de 2016-2017, de acordo&hellip; <\/p>\n","protected":false},"author":1,"featured_media":111832,"comment_status":"closed","ping_status":"closed","sticky":false,"template":"","format":"standard","meta":{"sfsi_plus_gutenberg_text_before_share":"","sfsi_plus_gutenberg_show_text_before_share":"","sfsi_plus_gutenberg_icon_type":"","sfsi_plus_gutenberg_icon_alignemt":"","sfsi_plus_gutenburg_max_per_row":"","footnotes":""},"categories":[6,50,2],"tags":[],"class_list":["post-111831","post","type-post","status-publish","format-standard","has-post-thumbnail","hentry","category-cidades","category-destaque","category-geral"],"_links":{"self":[{"href":"https:\/\/www.caririemacao.com\/1\/wp-json\/wp\/v2\/posts\/111831","targetHints":{"allow":["GET"]}}],"collection":[{"href":"https:\/\/www.caririemacao.com\/1\/wp-json\/wp\/v2\/posts"}],"about":[{"href":"https:\/\/www.caririemacao.com\/1\/wp-json\/wp\/v2\/types\/post"}],"author":[{"embeddable":true,"href":"https:\/\/www.caririemacao.com\/1\/wp-json\/wp\/v2\/users\/1"}],"replies":[{"embeddable":true,"href":"https:\/\/www.caririemacao.com\/1\/wp-json\/wp\/v2\/comments?post=111831"}],"version-history":[{"count":2,"href":"https:\/\/www.caririemacao.com\/1\/wp-json\/wp\/v2\/posts\/111831\/revisions"}],"predecessor-version":[{"id":111834,"href":"https:\/\/www.caririemacao.com\/1\/wp-json\/wp\/v2\/posts\/111831\/revisions\/111834"}],"wp:featuredmedia":[{"embeddable":true,"href":"https:\/\/www.caririemacao.com\/1\/wp-json\/wp\/v2\/media\/111832"}],"wp:attachment":[{"href":"https:\/\/www.caririemacao.com\/1\/wp-json\/wp\/v2\/media?parent=111831"}],"wp:term":[{"taxonomy":"category","embeddable":true,"href":"https:\/\/www.caririemacao.com\/1\/wp-json\/wp\/v2\/categories?post=111831"},{"taxonomy":"post_tag","embeddable":true,"href":"https:\/\/www.caririemacao.com\/1\/wp-json\/wp\/v2\/tags?post=111831"}],"curies":[{"name":"wp","href":"https:\/\/api.w.org\/{rel}","templated":true}]}}