{"id":111835,"date":"2019-08-25T12:47:13","date_gmt":"2019-08-25T15:47:13","guid":{"rendered":"http:\/\/www.caririemacao.com\/1\/?p=111835"},"modified":"2019-08-25T12:47:13","modified_gmt":"2019-08-25T15:47:13","slug":"empresas-recuperam-lucratividade-mas-incerteza-ainda-pesa-na-decisao-de-investir","status":"publish","type":"post","link":"https:\/\/www.caririemacao.com\/1\/2019\/08\/25\/empresas-recuperam-lucratividade-mas-incerteza-ainda-pesa-na-decisao-de-investir\/","title":{"rendered":"Empresas recuperam lucratividade, mas incerteza ainda pesa na decis\u00e3o de investir"},"content":{"rendered":"\n<p>RIO &#8211; As grandes&nbsp;<strong>empresas<\/strong>&nbsp;, ap\u00f3s um longo per\u00edodo de&nbsp;<strong>recess\u00e3o&nbsp;<\/strong>e estagna\u00e7\u00e3o, come\u00e7aram a ver a&nbsp;<strong>lucratividade<\/strong>&nbsp;voltar aos balan\u00e7os e refor\u00e7ar o caixa na primeira metade de 2019, o que abre espa\u00e7o para retomarem&nbsp;<strong>investimentos<\/strong>&nbsp;, um passo essencial para uma&nbsp;<strong>recupera\u00e7\u00e3o<\/strong>mais r\u00e1pida da economia.<\/p>\n\n\n\n<p>&nbsp;No entanto, fatores como o agravamento do pessimismo internacional diante da guerra comercial entre Estados Unidos e China, a crise argentina e o risco pol\u00edtico do governo de Jair Bolsonaro \u2014 cuja ret\u00f3rica sobre Amaz\u00f4nia desencadeou amea\u00e7as de repres\u00e1lias comerciais contra o Brasil \u2014 deixam os empres\u00e1rios mais cautelosos na hora de tirar um novo projeto do papel ou fazer contrata\u00e7\u00f5es. As incertezas minam o otimismo decorrente das melhores condi\u00e7\u00f5es financeiras das empresas num cen\u00e1rio de juros baixos e de avan\u00e7os na agenda fiscal do governo com a reforma da Previd\u00eancia.<\/p>\n\n\n\n<p>Levantamento do Grupo de Conjuntura da UFRJ com 200 empresas listadas na Bolsa, obtido com exclusividade pelo GLOBO, mostra que a rela\u00e7\u00e3o entre seus retornos financeiros e seus patrim\u00f4nios \u2014 compara\u00e7\u00e3o que mede qu\u00e3o lucrativo \u00e9 o neg\u00f3cio \u2014 voltou ao n\u00edvel de antes da recess\u00e3o, que come\u00e7ou em meados de 2014. Essa taxa de lucratividade (quanto o lucro representa do patrim\u00f4nio) chegou a 11,2% no segundo trimestre deste ano, mesmo patamar do in\u00edcio de 2012. No auge da crise, em 2015, ela chegou a cair 5,5%.<\/p>\n\n\n\n<p>\u2014 A demanda melhorou em rela\u00e7\u00e3o ao in\u00edcio da crise, embora ainda esteja pequena. Melhoraram pre\u00e7os relativos, como a taxa de c\u00e2mbio, que ajuda as exporta\u00e7\u00f5es, os juros e a infla\u00e7\u00e3o. Essa rela\u00e7\u00e3o de juros baixos com lucro voltando \u00e9 pilar b\u00e1sico do incentivo ao investimento. Poderemos ver uma retomada mais forte se o cen\u00e1rio internacional permitir \u2014 diz o professor da UFRJ Francisco Eduardo de Souza, um dos autores do estudo.<\/p>\n\n\n\n<p>O economista-chefe da MB Associados, Sergio Vale, avalia que a situa\u00e7\u00e3o das companhias melhorou, mas v\u00ea ru\u00eddos:<\/p>\n\n\n\n<p>\u2014 Bancos est\u00e3o mais abertos a conceder cr\u00e9dito, o custo financeiro das empresas caiu, mas as reformas s\u00e3o de longo prazo, o cen\u00e1rio internacional reflete aqui, e declara\u00e7\u00f5es do presidente sobre meio ambiente come\u00e7am a afetar segmentos como agroneg\u00f3cio.<\/p>\n\n\n\n<h2 class=\"wp-block-heading\">Melhora da confian\u00e7a<\/h2>\n\n\n\n<p>A Vulcabras Azaleia, que re\u00fane ainda as marcas Olympikus, Dijean, Opanka e Under Armour, \u00e9 uma das empresas que viu as contas melhorarem com a alta de 9,4% no faturamento no primeiro semestre. A fabricante de sapatos, que emprega 15 mil pessoas, decidiu expandir sua unidade no Cear\u00e1, mas a cautela \u00e9 a t\u00f4nica, diz Pedro Bartelle, diretor executivo:<\/p>\n\n\n\n<p>\u2014 Tivemos que adaptar a linha de produtos a um p\u00fablico de poder aquisitivo mais baixo, reposicionar alguns produtos, melhorar a distribui\u00e7\u00e3o. Sem isso, o resultado este ano seria pior que o de 2018. O primeiro semestre foi dif\u00edcil, mas lan\u00e7amos cole\u00e7\u00e3o em julho, e a carteira de pedidos para o Natal est\u00e1 muito boa.<\/p>\n\n\n\n<p>fonte: O Globo<\/p>\n","protected":false},"excerpt":{"rendered":"<p>RIO &#8211; As grandes&nbsp;empresas&nbsp;, ap\u00f3s um longo per\u00edodo de&nbsp;recess\u00e3o&nbsp;e estagna\u00e7\u00e3o, come\u00e7aram a ver a&nbsp;lucratividade&nbsp;voltar aos balan\u00e7os e refor\u00e7ar o caixa na primeira metade de 2019,&hellip; <\/p>\n","protected":false},"author":1,"featured_media":111836,"comment_status":"closed","ping_status":"closed","sticky":false,"template":"","format":"standard","meta":{"sfsi_plus_gutenberg_text_before_share":"","sfsi_plus_gutenberg_show_text_before_share":"","sfsi_plus_gutenberg_icon_type":"","sfsi_plus_gutenberg_icon_alignemt":"","sfsi_plus_gutenburg_max_per_row":"","footnotes":""},"categories":[2],"tags":[],"class_list":["post-111835","post","type-post","status-publish","format-standard","has-post-thumbnail","hentry","category-geral"],"_links":{"self":[{"href":"https:\/\/www.caririemacao.com\/1\/wp-json\/wp\/v2\/posts\/111835","targetHints":{"allow":["GET"]}}],"collection":[{"href":"https:\/\/www.caririemacao.com\/1\/wp-json\/wp\/v2\/posts"}],"about":[{"href":"https:\/\/www.caririemacao.com\/1\/wp-json\/wp\/v2\/types\/post"}],"author":[{"embeddable":true,"href":"https:\/\/www.caririemacao.com\/1\/wp-json\/wp\/v2\/users\/1"}],"replies":[{"embeddable":true,"href":"https:\/\/www.caririemacao.com\/1\/wp-json\/wp\/v2\/comments?post=111835"}],"version-history":[{"count":1,"href":"https:\/\/www.caririemacao.com\/1\/wp-json\/wp\/v2\/posts\/111835\/revisions"}],"predecessor-version":[{"id":111837,"href":"https:\/\/www.caririemacao.com\/1\/wp-json\/wp\/v2\/posts\/111835\/revisions\/111837"}],"wp:featuredmedia":[{"embeddable":true,"href":"https:\/\/www.caririemacao.com\/1\/wp-json\/wp\/v2\/media\/111836"}],"wp:attachment":[{"href":"https:\/\/www.caririemacao.com\/1\/wp-json\/wp\/v2\/media?parent=111835"}],"wp:term":[{"taxonomy":"category","embeddable":true,"href":"https:\/\/www.caririemacao.com\/1\/wp-json\/wp\/v2\/categories?post=111835"},{"taxonomy":"post_tag","embeddable":true,"href":"https:\/\/www.caririemacao.com\/1\/wp-json\/wp\/v2\/tags?post=111835"}],"curies":[{"name":"wp","href":"https:\/\/api.w.org\/{rel}","templated":true}]}}