{"id":111839,"date":"2019-08-25T15:36:52","date_gmt":"2019-08-25T18:36:52","guid":{"rendered":"http:\/\/www.caririemacao.com\/1\/?p=111839"},"modified":"2019-08-25T15:36:52","modified_gmt":"2019-08-25T18:36:52","slug":"fotos-walkiria-santos-e-gente-boa-encerram-festa-de-barreiras-de-caraubas","status":"publish","type":"post","link":"https:\/\/www.caririemacao.com\/1\/2019\/08\/25\/fotos-walkiria-santos-e-gente-boa-encerram-festa-de-barreiras-de-caraubas\/","title":{"rendered":"FOTOS: Walkiria Santos e Gente Boa encerram festa de Barreiras de Cara\u00fabas"},"content":{"rendered":"\n<p>A programa\u00e7\u00e3o da tradicional Festa de Barreiras de Cara\u00fabas, no Cariri da Para\u00edba, foi encerrada oficialmente na madrugada deste domingo (25). O distrito teve dois dias de festa em pra\u00e7a p\u00fablica.<\/p>\n\n\n\n<figure class=\"wp-block-image\"><img fetchpriority=\"high\" decoding=\"async\" width=\"1024\" height=\"682\" src=\"http:\/\/www.caririemacao.com\/1\/wp-content\/uploads\/2019\/08\/FESTA-DE-BARREIRAS-2019-1-115-1024x682.jpg\" alt=\"\" class=\"wp-image-111843\" srcset=\"https:\/\/www.caririemacao.com\/1\/wp-content\/uploads\/2019\/08\/FESTA-DE-BARREIRAS-2019-1-115-1024x682.jpg 1024w, https:\/\/www.caririemacao.com\/1\/wp-content\/uploads\/2019\/08\/FESTA-DE-BARREIRAS-2019-1-115-300x200.jpg 300w, https:\/\/www.caririemacao.com\/1\/wp-content\/uploads\/2019\/08\/FESTA-DE-BARREIRAS-2019-1-115-768x512.jpg 768w, https:\/\/www.caririemacao.com\/1\/wp-content\/uploads\/2019\/08\/FESTA-DE-BARREIRAS-2019-1-115.jpg 1280w\" sizes=\"(max-width: 1024px) 100vw, 1024px\" \/><\/figure>\n\n\n\n<p>O primeiro dia foi animado pela Banda Forr\u00f3 Kent e Gilsinho e Banda, j\u00e1 a festa de encerramento foi marcado pelos shows de Walkiria Santos e Forr\u00f3 Gente Boa.<\/p>\n\n\n\n<figure class=\"wp-block-image\"><img decoding=\"async\" width=\"1024\" height=\"682\" data-src=\"http:\/\/www.caririemacao.com\/1\/wp-content\/uploads\/2019\/08\/DSC_0051-1024x682.jpg\" alt=\"\" class=\"wp-image-111841 lazyload\" data-srcset=\"https:\/\/www.caririemacao.com\/1\/wp-content\/uploads\/2019\/08\/DSC_0051-1024x682.jpg 1024w, https:\/\/www.caririemacao.com\/1\/wp-content\/uploads\/2019\/08\/DSC_0051-300x200.jpg 300w, https:\/\/www.caririemacao.com\/1\/wp-content\/uploads\/2019\/08\/DSC_0051-768x512.jpg 768w, https:\/\/www.caririemacao.com\/1\/wp-content\/uploads\/2019\/08\/DSC_0051.jpg 1280w\" data-sizes=\"(max-width: 1024px) 100vw, 1024px\" src=\"data:image\/svg+xml;base64,PHN2ZyB3aWR0aD0iMSIgaGVpZ2h0PSIxIiB4bWxucz0iaHR0cDovL3d3dy53My5vcmcvMjAwMC9zdmciPjwvc3ZnPg==\" style=\"--smush-placeholder-width: 1024px; --smush-placeholder-aspect-ratio: 1024\/682;\" \/><\/figure>\n\n\n\n<p>A festa reuniu milhares de populares do distrito e dos mais diversos lugares da regi\u00e3o do Cariri e do Estado de Pernambuco, que prestigiaram os dias de festividade promovida com o apoio da Prefeitura de Cara\u00fabas.<\/p>\n\n\n\n<figure class=\"wp-block-image\"><img decoding=\"async\" width=\"1024\" height=\"682\" data-src=\"http:\/\/www.caririemacao.com\/1\/wp-content\/uploads\/2019\/08\/DSC_0126-1024x682.jpg\" alt=\"\" class=\"wp-image-111842 lazyload\" data-srcset=\"https:\/\/www.caririemacao.com\/1\/wp-content\/uploads\/2019\/08\/DSC_0126-1024x682.jpg 1024w, https:\/\/www.caririemacao.com\/1\/wp-content\/uploads\/2019\/08\/DSC_0126-300x200.jpg 300w, https:\/\/www.caririemacao.com\/1\/wp-content\/uploads\/2019\/08\/DSC_0126-768x512.jpg 768w, https:\/\/www.caririemacao.com\/1\/wp-content\/uploads\/2019\/08\/DSC_0126.jpg 1280w\" data-sizes=\"(max-width: 1024px) 100vw, 1024px\" src=\"data:image\/svg+xml;base64,PHN2ZyB3aWR0aD0iMSIgaGVpZ2h0PSIxIiB4bWxucz0iaHR0cDovL3d3dy53My5vcmcvMjAwMC9zdmciPjwvc3ZnPg==\" style=\"--smush-placeholder-width: 1024px; --smush-placeholder-aspect-ratio: 1024\/682;\" \/><\/figure>\n\n\n\n<p>Esteve participando ativamente dos festejos, o prefeito do\nmunic\u00edpio Silvano Dudu e a sua esposa, a primeira dama e vereadora Neide Assis,\nvice-prefeito Z\u00e9 de Laura, vereadores, secret\u00e1rios, prefeito de Barra de S\u00e3o\nMiguel, Jo\u00e3o Batista, do vice-prefeito de Jata\u00faba\/PE, Jackson Ribeiro Alves\n(Buraco). <\/p>\n\n\n\n<p>Al\u00e9m dos festejos de rua, houve tamb\u00e9m a programa\u00e7\u00e3o religiosas encerrada na tarde deste s\u00e1bado, dia 24, realizada pela comunidade cat\u00f3lica local e apoio da Prefeitura Municipal. <\/p>\n\n\n\n<figure class=\"wp-block-image\"><img decoding=\"async\" width=\"1024\" height=\"682\" data-src=\"http:\/\/www.caririemacao.com\/1\/wp-content\/uploads\/2019\/08\/DSC_0106-1024x682.jpg\" alt=\"\" class=\"wp-image-111844 lazyload\" data-srcset=\"https:\/\/www.caririemacao.com\/1\/wp-content\/uploads\/2019\/08\/DSC_0106-1024x682.jpg 1024w, https:\/\/www.caririemacao.com\/1\/wp-content\/uploads\/2019\/08\/DSC_0106-300x200.jpg 300w, https:\/\/www.caririemacao.com\/1\/wp-content\/uploads\/2019\/08\/DSC_0106-768x512.jpg 768w, https:\/\/www.caririemacao.com\/1\/wp-content\/uploads\/2019\/08\/DSC_0106.jpg 1280w\" data-sizes=\"(max-width: 1024px) 100vw, 1024px\" src=\"data:image\/svg+xml;base64,PHN2ZyB3aWR0aD0iMSIgaGVpZ2h0PSIxIiB4bWxucz0iaHR0cDovL3d3dy53My5vcmcvMjAwMC9zdmciPjwvc3ZnPg==\" style=\"--smush-placeholder-width: 1024px; --smush-placeholder-aspect-ratio: 1024\/682;\" \/><\/figure>\n\n\n\n<p><strong><a href=\"https:\/\/www.facebook.com\/pg\/CaririEmAcao\/photos\/?tab=album&amp;album_id=1631680500301300\">CLIQUE AQUI E VEJA AS FOTOS DO EVENTO.<\/a><\/strong><\/p>\n","protected":false},"excerpt":{"rendered":"<p>A programa\u00e7\u00e3o da tradicional Festa de Barreiras de Cara\u00fabas, no Cariri da Para\u00edba, foi encerrada oficialmente na madrugada deste domingo (25). O distrito teve dois&hellip; <\/p>\n","protected":false},"author":2,"featured_media":111840,"comment_status":"closed","ping_status":"closed","sticky":false,"template":"","format":"standard","meta":{"sfsi_plus_gutenberg_text_before_share":"","sfsi_plus_gutenberg_show_text_before_share":"","sfsi_plus_gutenberg_icon_type":"","sfsi_plus_gutenberg_icon_alignemt":"","sfsi_plus_gutenburg_max_per_row":"","footnotes":""},"categories":[6,50],"tags":[],"class_list":["post-111839","post","type-post","status-publish","format-standard","has-post-thumbnail","hentry","category-cidades","category-destaque"],"_links":{"self":[{"href":"https:\/\/www.caririemacao.com\/1\/wp-json\/wp\/v2\/posts\/111839","targetHints":{"allow":["GET"]}}],"collection":[{"href":"https:\/\/www.caririemacao.com\/1\/wp-json\/wp\/v2\/posts"}],"about":[{"href":"https:\/\/www.caririemacao.com\/1\/wp-json\/wp\/v2\/types\/post"}],"author":[{"embeddable":true,"href":"https:\/\/www.caririemacao.com\/1\/wp-json\/wp\/v2\/users\/2"}],"replies":[{"embeddable":true,"href":"https:\/\/www.caririemacao.com\/1\/wp-json\/wp\/v2\/comments?post=111839"}],"version-history":[{"count":1,"href":"https:\/\/www.caririemacao.com\/1\/wp-json\/wp\/v2\/posts\/111839\/revisions"}],"predecessor-version":[{"id":111845,"href":"https:\/\/www.caririemacao.com\/1\/wp-json\/wp\/v2\/posts\/111839\/revisions\/111845"}],"wp:featuredmedia":[{"embeddable":true,"href":"https:\/\/www.caririemacao.com\/1\/wp-json\/wp\/v2\/media\/111840"}],"wp:attachment":[{"href":"https:\/\/www.caririemacao.com\/1\/wp-json\/wp\/v2\/media?parent=111839"}],"wp:term":[{"taxonomy":"category","embeddable":true,"href":"https:\/\/www.caririemacao.com\/1\/wp-json\/wp\/v2\/categories?post=111839"},{"taxonomy":"post_tag","embeddable":true,"href":"https:\/\/www.caririemacao.com\/1\/wp-json\/wp\/v2\/tags?post=111839"}],"curies":[{"name":"wp","href":"https:\/\/api.w.org\/{rel}","templated":true}]}}