{"id":111855,"date":"2019-08-26T08:23:55","date_gmt":"2019-08-26T11:23:55","guid":{"rendered":"http:\/\/www.caririemacao.com\/1\/?p=111855"},"modified":"2019-08-26T08:23:55","modified_gmt":"2019-08-26T11:23:55","slug":"paraibano-petrucio-ferreira-conquista-ouro-inedito-para-o-brasil-noparapan-americanos","status":"publish","type":"post","link":"https:\/\/www.caririemacao.com\/1\/2019\/08\/26\/paraibano-petrucio-ferreira-conquista-ouro-inedito-para-o-brasil-noparapan-americanos\/","title":{"rendered":"Paraibano Petr\u00facio Ferreira conquista ouro in\u00e9dito para o Brasil noParapan-Americanos"},"content":{"rendered":"\n<p>O paraibano Petr\u00facio Ferreira conquistou mais uma medalha de ouro para o Brasil nesse domingo (25). E dessa vez \u00e9 um feito in\u00e9dito. Foi nos 400 metros da classe T47 (amputados de bra\u00e7o). Petr\u00facio \u00e9 campe\u00e3o mundial e paral\u00edmpico nos 100m e 200m da classe T37, mas optou se dedicar aos 400m neste ano.&nbsp;<\/p>\n\n\n\n<p>Na semifinal, em Lima, o paraibano cumpriu a dist\u00e2ncia em 49s70, mas claramente se poupando. Na final, tr\u00eas horas mais tarde, ele cruzou a linha de chegada em primeiro com sobras em 49s25 &#8211; mais de um segundo \u00e0 frente do medalhista de prata, o venezuelano Samuel Colmenares (50s32), seu compatriota Renny Segueri herdou o terceiro lugar do brasileiro Thomaz Moraes, que foi desclassificado que terminou em terceiro, por\u00e9m invadiu a raia vizinha.&nbsp;&nbsp;<\/p>\n\n\n\n<p>\u201cN\u00e3o foi f\u00e1cil, para chegar \u00e0s provas de 400 metros foi uma trajet\u00f3ria dura, mas eu sabia que, pelo tanto que treinei, enfrentaria aqui somente a parte f\u00e1cil, porque o mais dif\u00edcil eu deixei l\u00e1 atr\u00e1s, nos treinamentos. Corri a semifinal sobrando. Mas na final eu vi meu rival crescendo nos \u00faltimos 150 metros, eu olhei para a reta final e pensei: \u2018Essa medalha \u00e9 minha, \u00e9 nossa, \u00e9 do Brasil\u2019, e foi o que aconteceu\u201d, comentou, ainda ofegante na zona mista o paraibano que amputou o bra\u00e7o direito ainda crian\u00e7a devido a um acidente com uma m\u00e1quina de cortar capim.&nbsp;<\/p>\n\n\n\n<p>Al\u00e9m do ouro de Petr\u00facio, outras 37 medalhas foram consquistadas por atletas brasileiros, no segundo dia de competi\u00e7\u00f5es dos Jogos Parapan-Americanos de Lima.&nbsp;&nbsp;<br>O Brasil est\u00e1 isolado na lideran\u00e7a do quadro geral, com 78 medalhas. Das quais, s\u00e3o 27 de ouro, 22 prata, e as 29 restantes de bronze. Somente neste domingo, a bandeira brasileira foi vista em 38 cerim\u00f4nias de p\u00f3dios nas arenas de competi\u00e7\u00e3o peruanas &#8211; duas a menos que no s\u00e1bado, 24, quando fomos 40 vezes laureados.<\/p>\n","protected":false},"excerpt":{"rendered":"<p>O paraibano Petr\u00facio Ferreira conquistou mais uma medalha de ouro para o Brasil nesse domingo (25). E dessa vez \u00e9 um feito in\u00e9dito. Foi nos&hellip; <\/p>\n","protected":false},"author":1,"featured_media":111856,"comment_status":"closed","ping_status":"closed","sticky":false,"template":"","format":"standard","meta":{"sfsi_plus_gutenberg_text_before_share":"","sfsi_plus_gutenberg_show_text_before_share":"","sfsi_plus_gutenberg_icon_type":"","sfsi_plus_gutenberg_icon_alignemt":"","sfsi_plus_gutenburg_max_per_row":"","footnotes":""},"categories":[13],"tags":[],"class_list":["post-111855","post","type-post","status-publish","format-standard","has-post-thumbnail","hentry","category-esportes"],"_links":{"self":[{"href":"https:\/\/www.caririemacao.com\/1\/wp-json\/wp\/v2\/posts\/111855","targetHints":{"allow":["GET"]}}],"collection":[{"href":"https:\/\/www.caririemacao.com\/1\/wp-json\/wp\/v2\/posts"}],"about":[{"href":"https:\/\/www.caririemacao.com\/1\/wp-json\/wp\/v2\/types\/post"}],"author":[{"embeddable":true,"href":"https:\/\/www.caririemacao.com\/1\/wp-json\/wp\/v2\/users\/1"}],"replies":[{"embeddable":true,"href":"https:\/\/www.caririemacao.com\/1\/wp-json\/wp\/v2\/comments?post=111855"}],"version-history":[{"count":1,"href":"https:\/\/www.caririemacao.com\/1\/wp-json\/wp\/v2\/posts\/111855\/revisions"}],"predecessor-version":[{"id":111857,"href":"https:\/\/www.caririemacao.com\/1\/wp-json\/wp\/v2\/posts\/111855\/revisions\/111857"}],"wp:featuredmedia":[{"embeddable":true,"href":"https:\/\/www.caririemacao.com\/1\/wp-json\/wp\/v2\/media\/111856"}],"wp:attachment":[{"href":"https:\/\/www.caririemacao.com\/1\/wp-json\/wp\/v2\/media?parent=111855"}],"wp:term":[{"taxonomy":"category","embeddable":true,"href":"https:\/\/www.caririemacao.com\/1\/wp-json\/wp\/v2\/categories?post=111855"},{"taxonomy":"post_tag","embeddable":true,"href":"https:\/\/www.caririemacao.com\/1\/wp-json\/wp\/v2\/tags?post=111855"}],"curies":[{"name":"wp","href":"https:\/\/api.w.org\/{rel}","templated":true}]}}