{"id":111870,"date":"2019-08-26T08:30:59","date_gmt":"2019-08-26T11:30:59","guid":{"rendered":"http:\/\/www.caririemacao.com\/1\/?p=111870"},"modified":"2019-08-26T08:30:59","modified_gmt":"2019-08-26T11:30:59","slug":"mulher-e-presa-acusada-de-explorar-sexualmente-adolescente-em-casa-noturna","status":"publish","type":"post","link":"https:\/\/www.caririemacao.com\/1\/2019\/08\/26\/mulher-e-presa-acusada-de-explorar-sexualmente-adolescente-em-casa-noturna\/","title":{"rendered":"Mulher \u00e9 presa acusada de explorar sexualmente adolescente em casa noturna"},"content":{"rendered":"\n<p>Uma mulher foi presa acusada de explorar sexualmente uma adolescente, de 17 anos em uma casa noturna localizada na divisa da Para\u00edba com Rio Grande do Norte. A pris\u00e3o foi realizada na madrugada deste domingo (25), durante uma opera\u00e7\u00e3o conjunta do&nbsp;Minist\u00e9rio P\u00fablico do Trabalho(MPT), a Pol\u00edcia Rodovi\u00e1ria Federal e a Pol\u00edcia Militar da Para\u00edba.<\/p>\n\n\n\n<figure class=\"wp-block-image\"><img decoding=\"async\" data-src=\"https:\/\/www.clickpb.com.br\/media\/filer_public\/4c\/fa\/4cfa1c97-7112-492e-9eea-7976cf01af34\/img-20190826-wa0002.jpg\" alt=\"\" src=\"data:image\/svg+xml;base64,PHN2ZyB3aWR0aD0iMSIgaGVpZ2h0PSIxIiB4bWxucz0iaHR0cDovL3d3dy53My5vcmcvMjAwMC9zdmciPjwvc3ZnPg==\" class=\"lazyload\" \/><\/figure>\n\n\n\n<p>A a\u00e7\u00e3o ocorreu simultaneamente nas cidades de&nbsp;Araruna e Tacima, na Para\u00edba,&nbsp;e na cidade de Passa e Fica, no Rio Grande do Norte. A Opera\u00e7\u00e3o s\u00f3 foi divulgada pela PRF, na madrugada desta segunda-feira (26).<\/p>\n\n\n\n<figure class=\"wp-block-image\"><img decoding=\"async\" data-src=\"https:\/\/www.clickpb.com.br\/media\/filer_public\/77\/8a\/778a7697-a572-429e-a80b-c1bccf31648a\/img-20190826-wa0003.jpg\" alt=\"\" src=\"data:image\/svg+xml;base64,PHN2ZyB3aWR0aD0iMSIgaGVpZ2h0PSIxIiB4bWxucz0iaHR0cDovL3d3dy53My5vcmcvMjAwMC9zdmciPjwvc3ZnPg==\" class=\"lazyload\" \/><\/figure>\n\n\n\n<p>Em cada uma das tr\u00eas cidades as equipes foram \u00e0 um estabelecimento comercial chamado \u201cAmazonas Bar\u201d, os tr\u00eas pertencentes a uma mesma propriet\u00e1ria, de 34 anos.<\/p>\n\n\n\n<figure class=\"wp-block-image\"><img decoding=\"async\" data-src=\"https:\/\/www.clickpb.com.br\/media\/filer_public\/08\/2b\/082b76de-e38b-449e-a397-7da6bf3ad018\/img-20190826-wa0004.jpg\" alt=\"\" src=\"data:image\/svg+xml;base64,PHN2ZyB3aWR0aD0iMSIgaGVpZ2h0PSIxIiB4bWxucz0iaHR0cDovL3d3dy53My5vcmcvMjAwMC9zdmciPjwvc3ZnPg==\" class=\"lazyload\" \/><\/figure>\n\n\n\n<p>&nbsp;Durante a abordagem nos locais, as equipes confirmaram que se tratavam de prost\u00edbulos, com a presen\u00e7a de mulheres trajando roupas \u00edntimas,pelo menos tr\u00eas gr\u00e1vidas e elevada quantidade de homens consumindo bebidas alco\u00f3licas.&nbsp;&nbsp;<\/p>\n\n\n\n<figure class=\"wp-block-image\"><img decoding=\"async\" data-src=\"https:\/\/www.clickpb.com.br\/media\/filer_public\/32\/25\/3225bbe3-34cc-4ce0-9445-146cf117308f\/img-20190826-wa0005.jpg\" alt=\"\" src=\"data:image\/svg+xml;base64,PHN2ZyB3aWR0aD0iMSIgaGVpZ2h0PSIxIiB4bWxucz0iaHR0cDovL3d3dy53My5vcmcvMjAwMC9zdmciPjwvc3ZnPg==\" class=\"lazyload\" \/><\/figure>\n\n\n\n<p>Os im\u00f3veis se dividiam basicamente em um sal\u00e3o contendo mesas e cadeiras, um palco com baixa ilumina\u00e7\u00e3o e v\u00e1rias portas para acesso a pequenos quartos, sem ventila\u00e7\u00e3o,&nbsp; com vasos sanit\u00e1rios dentro.&nbsp;<\/p>\n\n\n\n<figure class=\"wp-block-image\"><img decoding=\"async\" data-src=\"https:\/\/www.clickpb.com.br\/media\/filer_public\/c5\/c0\/c5c02c00-e996-49be-86db-4433615aa97f\/img-20190826-wa0008.jpg\" alt=\"\" src=\"data:image\/svg+xml;base64,PHN2ZyB3aWR0aD0iMSIgaGVpZ2h0PSIxIiB4bWxucz0iaHR0cDovL3d3dy53My5vcmcvMjAwMC9zdmciPjwvc3ZnPg==\" class=\"lazyload\" \/><\/figure>\n\n\n\n<p>Nos tr\u00eas locais as condi\u00e7\u00f5es insalubres chamaram a aten\u00e7\u00e3o, pois era constante a presen\u00e7a de baratas, cheiro de urina e fezes.&nbsp;<\/p>\n\n\n\n<figure class=\"wp-block-image\"><img decoding=\"async\" data-src=\"https:\/\/www.clickpb.com.br\/media\/filer_public\/fa\/0e\/fa0ee8fb-13d3-4cd3-a3c8-76180201fb19\/img-20190826-wa0007.jpg\" alt=\"\" src=\"data:image\/svg+xml;base64,PHN2ZyB3aWR0aD0iMSIgaGVpZ2h0PSIxIiB4bWxucz0iaHR0cDovL3d3dy53My5vcmcvMjAwMC9zdmciPjwvc3ZnPg==\" class=\"lazyload\" \/><\/figure>\n\n\n\n<p>A adolescente foi encontrada&nbsp;na cidade de Passa e Fica, no Rio Grande do Norte, ap\u00f3s revistas iniciais nas pessoas e no local.<\/p>\n\n\n\n<figure class=\"wp-block-image\"><img decoding=\"async\" data-src=\"https:\/\/www.clickpb.com.br\/media\/filer_public\/6f\/7c\/6f7c6a36-e5e7-4d05-aede-0eed4ede4be5\/img-20190826-wa0006.jpg\" alt=\"\" src=\"data:image\/svg+xml;base64,PHN2ZyB3aWR0aD0iMSIgaGVpZ2h0PSIxIiB4bWxucz0iaHR0cDovL3d3dy53My5vcmcvMjAwMC9zdmciPjwvc3ZnPg==\" class=\"lazyload\" \/><\/figure>\n\n\n\n<p>A jovem&nbsp;havia se trancado em um dos quartos, estava vestida como o restante das mulheres, ou seja, somente com uma lingerie. Esta informou inicialmente que tinha 19 anos, fato desmentido ap\u00f3s consultar os sistemas de praxe.&nbsp;<\/p>\n\n\n\n<p>A propriet\u00e1ria foi presa por explora\u00e7\u00e3o sexual de adolescente e conduzida para a delegacia de Pol\u00edcia Civil no Estado do Rio Grande do Norte.<\/p>\n\n\n\n<p>A jovem ap\u00f3s ouvida na condi\u00e7\u00e3o de v\u00edtima, foi encaminhada para o Conselho Tutelar da \u00e1rea.<\/p>\n\n\n\n<p>Tamb\u00e9m foi encontrada pequena quantidade de maconha nos pertences de umas das jovens que se encontravam no local, em Passa e Fica\/RN, lavrou-se um Termo Circunstanciado de Ocorr\u00eancia e a mulher assinou um Termo de Compromisso de comparecimento \u00e0 justi\u00e7a e liberada em seguida, a droga encaminhada para a per\u00edcia. Algumas mulheres&nbsp; tamb\u00e9m foram ouvidas no local pelo procurador do MPT presente.<\/p>\n\n\n\n<p>A Opera\u00e7\u00e3o Grilh\u00f5es teve como&nbsp;&nbsp;objetivo combater a explora\u00e7\u00e3o sexual de crian\u00e7as e adolescentes na divisa entre os estados da Para\u00edba e Rio Grande do Norte, mais precisamente em Araruna\/PB, Tacima\/PB e Passa e Fica\/RN. A a\u00e7\u00e3o tamb\u00e9m contou com o apoio do Corpo de Bombeiros Militar da Para\u00edba.<\/p>\n","protected":false},"excerpt":{"rendered":"<p>Uma mulher foi presa acusada de explorar sexualmente uma adolescente, de 17 anos em uma casa noturna localizada na divisa da Para\u00edba com Rio Grande&hellip; <\/p>\n","protected":false},"author":1,"featured_media":111871,"comment_status":"closed","ping_status":"closed","sticky":false,"template":"","format":"standard","meta":{"sfsi_plus_gutenberg_text_before_share":"","sfsi_plus_gutenberg_show_text_before_share":"","sfsi_plus_gutenberg_icon_type":"","sfsi_plus_gutenberg_icon_alignemt":"","sfsi_plus_gutenburg_max_per_row":"","footnotes":""},"categories":[12],"tags":[],"class_list":["post-111870","post","type-post","status-publish","format-standard","has-post-thumbnail","hentry","category-policia"],"_links":{"self":[{"href":"https:\/\/www.caririemacao.com\/1\/wp-json\/wp\/v2\/posts\/111870","targetHints":{"allow":["GET"]}}],"collection":[{"href":"https:\/\/www.caririemacao.com\/1\/wp-json\/wp\/v2\/posts"}],"about":[{"href":"https:\/\/www.caririemacao.com\/1\/wp-json\/wp\/v2\/types\/post"}],"author":[{"embeddable":true,"href":"https:\/\/www.caririemacao.com\/1\/wp-json\/wp\/v2\/users\/1"}],"replies":[{"embeddable":true,"href":"https:\/\/www.caririemacao.com\/1\/wp-json\/wp\/v2\/comments?post=111870"}],"version-history":[{"count":1,"href":"https:\/\/www.caririemacao.com\/1\/wp-json\/wp\/v2\/posts\/111870\/revisions"}],"predecessor-version":[{"id":111872,"href":"https:\/\/www.caririemacao.com\/1\/wp-json\/wp\/v2\/posts\/111870\/revisions\/111872"}],"wp:featuredmedia":[{"embeddable":true,"href":"https:\/\/www.caririemacao.com\/1\/wp-json\/wp\/v2\/media\/111871"}],"wp:attachment":[{"href":"https:\/\/www.caririemacao.com\/1\/wp-json\/wp\/v2\/media?parent=111870"}],"wp:term":[{"taxonomy":"category","embeddable":true,"href":"https:\/\/www.caririemacao.com\/1\/wp-json\/wp\/v2\/categories?post=111870"},{"taxonomy":"post_tag","embeddable":true,"href":"https:\/\/www.caririemacao.com\/1\/wp-json\/wp\/v2\/tags?post=111870"}],"curies":[{"name":"wp","href":"https:\/\/api.w.org\/{rel}","templated":true}]}}