{"id":111893,"date":"2019-08-26T08:45:08","date_gmt":"2019-08-26T11:45:08","guid":{"rendered":"http:\/\/www.caririemacao.com\/1\/?p=111893"},"modified":"2019-08-26T08:45:08","modified_gmt":"2019-08-26T11:45:08","slug":"caixa-comeca-a-pagar-pis-para-cotistas-a-partir-de-60-anos","status":"publish","type":"post","link":"https:\/\/www.caririemacao.com\/1\/2019\/08\/26\/caixa-comeca-a-pagar-pis-para-cotistas-a-partir-de-60-anos\/","title":{"rendered":"Caixa come\u00e7a a pagar PIS para cotistas a partir de 60 anos"},"content":{"rendered":"\n<p>Quem trabalhou com carteira assinada na iniciativa privada entre 1971 e 4 de outubro de 1988 e tem pelo menos 60 anos come\u00e7a a receber&nbsp;hoje&nbsp;(26) as cotas do Programa de Integra\u00e7\u00e3o Social (PIS). Os interessados devem procurar a Caixa Econ\u00f4mica Federal para fazer o saque.<\/p>\n\n\n\n<p>O saque de at\u00e9 R$ 3 mil poder\u00e1 ser feito nas lot\u00e9ricas, correspondentes Caixa Aqui e nos terminais de autoatendimento, utilizando o cart\u00e3o Cidad\u00e3o, com senha. Outra op\u00e7\u00e3o \u00e9 nas ag\u00eancias da Caixa. Acima de R$ 3 mil, somente nas ag\u00eancias da Caixa. Para saber se tem direito \u00e0s cotas do fundo, o correntista deve consultar o endere\u00e7o&nbsp;<a href=\"http:\/\/www.caixa.gov.br\/cotaspis\" target=\"_blank\" rel=\"noreferrer noopener\">www.caixa.gov.br\/cotaspis<\/a>.<\/p>\n\n\n\n<p>Segundo a Caixa, 10,4 milh\u00f5es de trabalhadores ter\u00e3o direito ao saque das cotas do PIS. O pagamento deve injetar at\u00e9 R$ 18,3 bilh\u00f5es na economia brasileira. No dia 19, o banco fez o cr\u00e9dito autom\u00e1tico para quem tem conta corrente ou poupan\u00e7a na institui\u00e7\u00e3o. Em&nbsp;2 de setembro, ser\u00e1 a vez de os cotistas com at\u00e9 59 anos come\u00e7arem a sacar.<\/p>\n\n\n\n<p>Segundo a&nbsp;<a href=\"http:\/\/www.planalto.gov.br\/ccivil_03\/_ato2019-2022\/2019\/Mpv\/mpv889.htm\" target=\"_blank\" rel=\"noreferrer noopener\">Medida Provis\u00f3ria (MP) 889\/2019<\/a>, os recursos do fundo ficar\u00e3o dispon\u00edveis para todos os cotistas, sem limite de idade. Diferentemente dos saques anteriores, agora n\u00e3o h\u00e1 prazo final para a retirada do dinheiro.<\/p>\n\n\n\n<p>O PIS atende aos trabalhadores da iniciativa privada. A MP facilita o saque por herdeiros, que passar\u00e3o a&nbsp;ter&nbsp;acesso simplificado aos recursos. Eles&nbsp;ter\u00e3o apenas de apresentar declara\u00e7\u00e3o de consenso entre as partes e a declara\u00e7\u00e3o de que n\u00e3o existem outros herdeiros conhecidos.<\/p>\n\n\n\n<h2 class=\"wp-block-heading\">Pasep<\/h2>\n\n\n\n<p>As cotas do Pasep, que atende a servidores p\u00fablicos, militares e trabalhadores de empresas estatais, podem ser sacadas desde a semana passada. Respons\u00e1vel pelo fundo, o Banco do Brasil (BB) informa que est\u00e3o dispon\u00edveis para saque R$ 4,5 bilh\u00f5es pertencentes a 1,522 milh\u00e3o de cotistas.<\/p>\n\n\n\n<p>Cerca de 30 mil correntistas do BB participantes receberam automaticamente o dinheiro no dia 19. Os cotistas clientes de outras institui\u00e7\u00f5es financeiras, com saldo at\u00e9 R$ 5 mil, podem transferir o saldo da cota por meio de Transfer\u00eancia Eletr\u00f4nica de Documento (TED), sem nenhum custo, desde a \u00faltima&nbsp;ter\u00e7a-feira (20). Os demais cotistas, assim como herdeiros e portadores de procura\u00e7\u00e3o legal, podem realizar os saques diretamente nas ag\u00eancias do BB, desde a \u00faltima&nbsp;quinta-feira (22).<\/p>\n\n\n\n<p>A op\u00e7\u00e3o de transfer\u00eancia oferecida pelo BB pode ser feita tanto pela internet, no endere\u00e7o eletr\u00f4nico&nbsp;<a href=\"http:\/\/www.bb.com.br\/pasep\" target=\"_blank\" rel=\"noreferrer noopener\">www.bb.com.br\/pasep<\/a>, quanto pelos terminais de autoatendimento. O cotista ainda pode obter informa\u00e7\u00f5es por meio da Central de Atendimento BB, pelos telefones 4004-0001 (capitais e regi\u00f5es metropolitanas) ou&nbsp;<a href=\"callto:0800-729-0001\">0800-729-0001<\/a>&nbsp;(demais localidades).<\/p>\n\n\n\n<figure class=\"wp-block-image\"><img decoding=\"async\" data-src=\"http:\/\/imagens.ebc.com.br\/93mYX8qM6n0szmf0A9sejVjAzjo=\/754x0\/smart\/http:\/\/agenciabrasil.ebc.com.br\/sites\/default\/files\/thumbnails\/image\/tabela_abr_pis_pasep_pgto_pis.png?itok=ysQHqhuv\" alt=\"Tabela do PIS\" src=\"data:image\/svg+xml;base64,PHN2ZyB3aWR0aD0iMSIgaGVpZ2h0PSIxIiB4bWxucz0iaHR0cDovL3d3dy53My5vcmcvMjAwMC9zdmciPjwvc3ZnPg==\" class=\"lazyload\" \/><\/figure>\n\n\n\n<p>Tabela do PIS &#8211;&nbsp;<strong>Arte\/EBC<\/strong><\/p>\n","protected":false},"excerpt":{"rendered":"<p>Quem trabalhou com carteira assinada na iniciativa privada entre 1971 e 4 de outubro de 1988 e tem pelo menos 60 anos come\u00e7a a receber&nbsp;hoje&nbsp;(26)&hellip; <\/p>\n","protected":false},"author":1,"featured_media":111894,"comment_status":"closed","ping_status":"closed","sticky":false,"template":"","format":"standard","meta":{"sfsi_plus_gutenberg_text_before_share":"","sfsi_plus_gutenberg_show_text_before_share":"","sfsi_plus_gutenberg_icon_type":"","sfsi_plus_gutenberg_icon_alignemt":"","sfsi_plus_gutenburg_max_per_row":"","footnotes":""},"categories":[6],"tags":[],"class_list":["post-111893","post","type-post","status-publish","format-standard","has-post-thumbnail","hentry","category-cidades"],"_links":{"self":[{"href":"https:\/\/www.caririemacao.com\/1\/wp-json\/wp\/v2\/posts\/111893","targetHints":{"allow":["GET"]}}],"collection":[{"href":"https:\/\/www.caririemacao.com\/1\/wp-json\/wp\/v2\/posts"}],"about":[{"href":"https:\/\/www.caririemacao.com\/1\/wp-json\/wp\/v2\/types\/post"}],"author":[{"embeddable":true,"href":"https:\/\/www.caririemacao.com\/1\/wp-json\/wp\/v2\/users\/1"}],"replies":[{"embeddable":true,"href":"https:\/\/www.caririemacao.com\/1\/wp-json\/wp\/v2\/comments?post=111893"}],"version-history":[{"count":1,"href":"https:\/\/www.caririemacao.com\/1\/wp-json\/wp\/v2\/posts\/111893\/revisions"}],"predecessor-version":[{"id":111895,"href":"https:\/\/www.caririemacao.com\/1\/wp-json\/wp\/v2\/posts\/111893\/revisions\/111895"}],"wp:featuredmedia":[{"embeddable":true,"href":"https:\/\/www.caririemacao.com\/1\/wp-json\/wp\/v2\/media\/111894"}],"wp:attachment":[{"href":"https:\/\/www.caririemacao.com\/1\/wp-json\/wp\/v2\/media?parent=111893"}],"wp:term":[{"taxonomy":"category","embeddable":true,"href":"https:\/\/www.caririemacao.com\/1\/wp-json\/wp\/v2\/categories?post=111893"},{"taxonomy":"post_tag","embeddable":true,"href":"https:\/\/www.caririemacao.com\/1\/wp-json\/wp\/v2\/tags?post=111893"}],"curies":[{"name":"wp","href":"https:\/\/api.w.org\/{rel}","templated":true}]}}