{"id":111935,"date":"2019-08-26T09:34:14","date_gmt":"2019-08-26T12:34:14","guid":{"rendered":"http:\/\/www.caririemacao.com\/1\/?p=111935"},"modified":"2019-08-26T09:34:14","modified_gmt":"2019-08-26T12:34:14","slug":"exposicao-apresenta-panorama-de-70-anos-da-arte-brasileira","status":"publish","type":"post","link":"https:\/\/www.caririemacao.com\/1\/2019\/08\/26\/exposicao-apresenta-panorama-de-70-anos-da-arte-brasileira\/","title":{"rendered":"Exposi\u00e7\u00e3o apresenta panorama de 70 anos da arte brasileira"},"content":{"rendered":"\n<p>Na pr\u00f3xima ter\u00e7a-feira (27) o Farol Santander exibe ao p\u00fablico, pela primeira vez, parte do acervo de obras de arte na exposi\u00e7\u00e3o Contempor\u00e2neo, sempre \u2013 Cole\u00e7\u00e3o Santander Brasil. A exposi\u00e7\u00e3o apresenta um panorama de 70 anos da arte brasileira e re\u00fane um conjunto de pinturas, esculturas, desenhos, gravuras e fotografias. Os 64 trabalhos escolhidos em um acervo de duas mil obras est\u00e3o divididos nas categorias Abstra\u00e7\u00e3o, Retrato e Paisagem.<\/p>\n\n\n\n<figure class=\"wp-block-image\"><img decoding=\"async\" data-src=\"http:\/\/imagens.ebc.com.br\/BF87ME7WtBcGgqOY2swd3ffyE8Y=\/463x0\/smart\/http:\/\/agenciabrasil.ebc.com.br\/sites\/default\/files\/thumbnails\/image\/rvrsa_abr_24081921367.jpg?itok=MdSKJJ52\" alt=\" Exposi\u00e7\u00e3o Contempor\u00e2neo, sempre, Cole\u00e7\u00e3o Santander Brasil\" src=\"data:image\/svg+xml;base64,PHN2ZyB3aWR0aD0iMSIgaGVpZ2h0PSIxIiB4bWxucz0iaHR0cDovL3d3dy53My5vcmcvMjAwMC9zdmciPjwvc3ZnPg==\" class=\"lazyload\" \/><\/figure>\n\n\n\n<p>Exposi\u00e7\u00e3o Contempor\u00e2neo, sempre, Cole\u00e7\u00e3o Santander Brasil &#8211;&nbsp;<strong>Rovena Rosa\/Ag\u00eancia Brasil<\/strong><\/p>\n\n\n\n<p>Uma das atra\u00e7\u00f5es na categoria Abstra\u00e7\u00e3o \u00e9 a obra nunca exposta do artista Ben\u00e9 Fonteles. Sem t\u00edtulo, o trabalho foi criado em 1980. J\u00e1 a obra mais antiga \u00e9 a escultura de Victor Brecheret, Tocadora de Guitarra (1923). E a mais recente, uma pintura do artista Paulo Almeida, parte da s\u00e9rie \u201cPalimpsestos\u201d. O processo criativo da obra envolve modifica-la a cada nova exposi\u00e7\u00e3o. O artista trabalhar\u00e1 no local e concluir\u00e1 as altera\u00e7\u00f5es dias antes da abertura ao p\u00fablico.<\/p>\n\n\n\n<p>De acordo com a organiza\u00e7\u00e3o da mostra, a exposi\u00e7\u00e3o foi elaborada para ocupar o 24\u00ba andar do Farol Santander e por estar segmentada em categorias,&nbsp;ter&nbsp;um olhar did\u00e1tico que permite ao p\u00fablico compreender cada umas das vertentes. Foram escolhidos artistas considerados fundamentais pela curadoria para reunir figuras cl\u00e1ssicas e contempor\u00e2neas da arte no pa\u00eds, ultrapassando as defini\u00e7\u00f5es de tempo e se renovando a cada olhar.<\/p>\n\n\n\n<p><strong>Obras e espa\u00e7o multim\u00eddia<\/strong><\/p>\n\n\n\n<p>Dentro das divis\u00f5es estabelecidas pela curadoria, destacam-se artistas e suas respectivas obras: Abstra\u00e7\u00e3o: Alfredo Volpi, Sem T\u00edtulo (1960); Tomie Ohtake, Sem T\u00edtulo (1978); Manabu Mabe, Voz da Selva (1969) Retrato: Di Cavalcanti, Mulata na Cadeira (1970); Milton Dacosta, Figura (1948); John Graz, Canoeiros (1975); Paisagem: Darel Valen\u00e7a, Sem t\u00edtulo (1968); Candido Portinari, Cavalo, Casebre e Paisagem, (1959); Claudia Andujar, Conselho de homens Xicrin-Kayapo, Estado do Par\u00e1, Amaz\u00f4nia, 1966.<\/p>\n\n\n\n<p>A exposi\u00e7\u00e3o&nbsp;ter\u00e1, ainda, um espa\u00e7o multim\u00eddia desenvolvido pela Rizoma Edi\u00e7\u00f5es Digitais, onde os visitantes poder\u00e3o interagir a partir de uma proje\u00e7\u00e3o na parede, com imagens desconstru\u00eddas das obras expostas. O p\u00fablico poder\u00e1 alterar as formas e cores projetadas com seus pr\u00f3prios gestos e movimentos.<\/p>\n\n\n\n<p>De acordo com Ricardo Ribenboim, um dos curadores da exposi\u00e7\u00e3o, o t\u00edtulo da mostra remete ao fato de que as obras foram adquiridas muito perto do per\u00edodo em que foram produzidas, refletindo a arte do momento da aquisi\u00e7\u00e3o. &#8220;Isso \u00e9 algo importante porque \u00e9 um est\u00edmulo \u00e0 produ\u00e7\u00e3o da arte. O que vemos aqui s\u00e3o muitas obras importantes de seus per\u00edodos. O mais importante nesse processo de sele\u00e7\u00e3o foi fazer n\u00e3o s\u00f3 a escolha pelo per\u00edodo de sua produ\u00e7\u00e3o, mas pela t\u00e9cnica fundamental do artista&#8221;, disse.<\/p>\n\n\n\n<p>Tamb\u00e9m curador da mostra, Agnaldo Farias explicou que j\u00e1 conhecia o acervo Santander que \u00e9 quase inacredit\u00e1vel e tamb\u00e9m destacou o fato de as obras serem adquiridas no momento em que foram produzidas. Segundo ele, quem compra uma obra enquanto ela est\u00e1 sendo produzida est\u00e1 fazendo uma aposta. &#8220;Nesse momento voc\u00ea n\u00e3o \u00e9 mais simplesmente algu\u00e9m que faz a difus\u00e3o, mas voc\u00ea est\u00e1 c\u00famplice da produ\u00e7\u00e3o. Voc\u00ea se envolve em um outro patamar. Quando voc\u00ea compra uma obra de um artista j\u00e1 consolidado voc\u00ea n\u00e3o est\u00e1 correndo risco&#8221;.<\/p>\n\n\n\n<figure class=\"wp-block-image\"><img decoding=\"async\" data-src=\"http:\/\/imagens.ebc.com.br\/dV-4Nsp5FNMXz-CnIXAPJgFnQ1I=\/463x0\/smart\/http:\/\/agenciabrasil.ebc.com.br\/sites\/default\/files\/thumbnails\/image\/rvrsa_abr_24081921366.jpg?itok=ZLuHDJlH\" alt=\" O curador Agnaldo Farias comenta as obras da Exposi\u00e7\u00e3o Contempor\u00e2neo, sempre, Cole\u00e7\u00e3o Santander Brasil, no Farol Santander.\" src=\"data:image\/svg+xml;base64,PHN2ZyB3aWR0aD0iMSIgaGVpZ2h0PSIxIiB4bWxucz0iaHR0cDovL3d3dy53My5vcmcvMjAwMC9zdmciPjwvc3ZnPg==\" class=\"lazyload\" \/><\/figure>\n\n\n\n<p>O curador Agnaldo Farias comenta as obras da Exposi\u00e7\u00e3o Contempor\u00e2neo, sempre, Cole\u00e7\u00e3o Santander Brasil, no Farol Santander. &#8211;&nbsp;<strong>Rovena Rosa\/Ag\u00eancia Brasil<\/strong><\/p>\n\n\n\n<p>Em cada uma das categorias, haver\u00e1 uma obra representativa, destacada em projeto de acessibilidade, que disponibilizar\u00e1 relevos t\u00e1teis e em alto contraste, legendas em braile e um \u00e1udio descri\u00e7\u00e3o. Os trabalhos contemplados no projeto s\u00e3o de Rubem Valentim, Sem t\u00edtulo (1989); Klaus Mitteldorf, O Centro (2008) e Di Cavalcanti, Mulata na cadeira (1970). Outros destaques que j\u00e1 estiveram em mostras pelo Brasil voltar\u00e3o a ser expostos ao p\u00fablico, como a pintura Equil\u00edbrio (1967), de Iber\u00ea Camargo e a tela Baile No Campo (1937), de C\u00edcero Dias.<\/p>\n\n\n\n<p>Educadores estar\u00e3o presentes no espa\u00e7o para atendimento ao p\u00fablico espont\u00e2neo e grupos agendados. Para mais informa\u00e7\u00f5es sobre dias e hor\u00e1rios dispon\u00edveis para agendamento de visitas orientadas para grupos, entrar em contato no email&nbsp;agendamentocs@base7.com.br.<\/p>\n","protected":false},"excerpt":{"rendered":"<p>Na pr\u00f3xima ter\u00e7a-feira (27) o Farol Santander exibe ao p\u00fablico, pela primeira vez, parte do acervo de obras de arte na exposi\u00e7\u00e3o Contempor\u00e2neo, sempre \u2013&hellip; <\/p>\n","protected":false},"author":1,"featured_media":111936,"comment_status":"closed","ping_status":"closed","sticky":false,"template":"","format":"standard","meta":{"sfsi_plus_gutenberg_text_before_share":"","sfsi_plus_gutenberg_show_text_before_share":"","sfsi_plus_gutenberg_icon_type":"","sfsi_plus_gutenberg_icon_alignemt":"","sfsi_plus_gutenburg_max_per_row":"","footnotes":""},"categories":[2],"tags":[],"class_list":["post-111935","post","type-post","status-publish","format-standard","has-post-thumbnail","hentry","category-geral"],"_links":{"self":[{"href":"https:\/\/www.caririemacao.com\/1\/wp-json\/wp\/v2\/posts\/111935","targetHints":{"allow":["GET"]}}],"collection":[{"href":"https:\/\/www.caririemacao.com\/1\/wp-json\/wp\/v2\/posts"}],"about":[{"href":"https:\/\/www.caririemacao.com\/1\/wp-json\/wp\/v2\/types\/post"}],"author":[{"embeddable":true,"href":"https:\/\/www.caririemacao.com\/1\/wp-json\/wp\/v2\/users\/1"}],"replies":[{"embeddable":true,"href":"https:\/\/www.caririemacao.com\/1\/wp-json\/wp\/v2\/comments?post=111935"}],"version-history":[{"count":1,"href":"https:\/\/www.caririemacao.com\/1\/wp-json\/wp\/v2\/posts\/111935\/revisions"}],"predecessor-version":[{"id":111937,"href":"https:\/\/www.caririemacao.com\/1\/wp-json\/wp\/v2\/posts\/111935\/revisions\/111937"}],"wp:featuredmedia":[{"embeddable":true,"href":"https:\/\/www.caririemacao.com\/1\/wp-json\/wp\/v2\/media\/111936"}],"wp:attachment":[{"href":"https:\/\/www.caririemacao.com\/1\/wp-json\/wp\/v2\/media?parent=111935"}],"wp:term":[{"taxonomy":"category","embeddable":true,"href":"https:\/\/www.caririemacao.com\/1\/wp-json\/wp\/v2\/categories?post=111935"},{"taxonomy":"post_tag","embeddable":true,"href":"https:\/\/www.caririemacao.com\/1\/wp-json\/wp\/v2\/tags?post=111935"}],"curies":[{"name":"wp","href":"https:\/\/api.w.org\/{rel}","templated":true}]}}