{"id":111941,"date":"2019-08-26T09:41:44","date_gmt":"2019-08-26T12:41:44","guid":{"rendered":"http:\/\/www.caririemacao.com\/1\/?p=111941"},"modified":"2019-08-26T09:41:44","modified_gmt":"2019-08-26T12:41:44","slug":"caminhao-de-carga-pega-fogo-e-alastra-chamas-na-br-412-na-regiao-do-cariri","status":"publish","type":"post","link":"https:\/\/www.caririemacao.com\/1\/2019\/08\/26\/caminhao-de-carga-pega-fogo-e-alastra-chamas-na-br-412-na-regiao-do-cariri\/","title":{"rendered":"Caminh\u00e3o de carga pega fogo e alastra chamas na BR-412 na regi\u00e3o do Cariri"},"content":{"rendered":"\n<p>Neste \u00faltimo domingo(25) um caminh\u00e3o com carga de biscoitos pegou fogo e alastrou grandes chamas em plena a BR-412, no S\u00edtio M\u00f4nica, pertencente ao munic\u00edpio de Boa Vista -PB.<\/p>\n\n\n\n<p>As primeiras informa\u00e7\u00f5es s\u00e3o de que houve uma pane el\u00e9trica. Ningu\u00e9m ficou ferido. O tr\u00e2nsito ficou lento por causa da ocupa\u00e7\u00e3o da faixa de tr\u00e1fego, pelo caminh\u00e3o.<\/p>\n\n\n\n<p>O caminh\u00e3o estava sendo conduzido de Jo\u00e3o Pessoa at\u00e9 Cajazeiras. O Corpo de Bombeiros e a Pol\u00edcia Rodovi\u00e1ria Federal prestaram apoio no local e apagaram as chamas do caminh\u00e3o.<\/p>\n","protected":false},"excerpt":{"rendered":"<p>Neste \u00faltimo domingo(25) um caminh\u00e3o com carga de biscoitos pegou fogo e alastrou grandes chamas em plena a BR-412, no S\u00edtio M\u00f4nica, pertencente ao munic\u00edpio&hellip; <\/p>\n","protected":false},"author":1,"featured_media":111942,"comment_status":"closed","ping_status":"closed","sticky":false,"template":"","format":"standard","meta":{"sfsi_plus_gutenberg_text_before_share":"","sfsi_plus_gutenberg_show_text_before_share":"","sfsi_plus_gutenberg_icon_type":"","sfsi_plus_gutenberg_icon_alignemt":"","sfsi_plus_gutenburg_max_per_row":"","footnotes":""},"categories":[2],"tags":[],"class_list":["post-111941","post","type-post","status-publish","format-standard","has-post-thumbnail","hentry","category-geral"],"_links":{"self":[{"href":"https:\/\/www.caririemacao.com\/1\/wp-json\/wp\/v2\/posts\/111941","targetHints":{"allow":["GET"]}}],"collection":[{"href":"https:\/\/www.caririemacao.com\/1\/wp-json\/wp\/v2\/posts"}],"about":[{"href":"https:\/\/www.caririemacao.com\/1\/wp-json\/wp\/v2\/types\/post"}],"author":[{"embeddable":true,"href":"https:\/\/www.caririemacao.com\/1\/wp-json\/wp\/v2\/users\/1"}],"replies":[{"embeddable":true,"href":"https:\/\/www.caririemacao.com\/1\/wp-json\/wp\/v2\/comments?post=111941"}],"version-history":[{"count":1,"href":"https:\/\/www.caririemacao.com\/1\/wp-json\/wp\/v2\/posts\/111941\/revisions"}],"predecessor-version":[{"id":111943,"href":"https:\/\/www.caririemacao.com\/1\/wp-json\/wp\/v2\/posts\/111941\/revisions\/111943"}],"wp:featuredmedia":[{"embeddable":true,"href":"https:\/\/www.caririemacao.com\/1\/wp-json\/wp\/v2\/media\/111942"}],"wp:attachment":[{"href":"https:\/\/www.caririemacao.com\/1\/wp-json\/wp\/v2\/media?parent=111941"}],"wp:term":[{"taxonomy":"category","embeddable":true,"href":"https:\/\/www.caririemacao.com\/1\/wp-json\/wp\/v2\/categories?post=111941"},{"taxonomy":"post_tag","embeddable":true,"href":"https:\/\/www.caririemacao.com\/1\/wp-json\/wp\/v2\/tags?post=111941"}],"curies":[{"name":"wp","href":"https:\/\/api.w.org\/{rel}","templated":true}]}}