{"id":111948,"date":"2019-08-26T09:58:32","date_gmt":"2019-08-26T12:58:32","guid":{"rendered":"http:\/\/www.caririemacao.com\/1\/?p=111948"},"modified":"2019-08-26T09:58:32","modified_gmt":"2019-08-26T12:58:32","slug":"espero-que-os-brasileiros-tenham-logo-um-presidente-a-altura-do-cargo-diz-macron","status":"publish","type":"post","link":"https:\/\/www.caririemacao.com\/1\/2019\/08\/26\/espero-que-os-brasileiros-tenham-logo-um-presidente-a-altura-do-cargo-diz-macron\/","title":{"rendered":"Espero que os brasileiros tenham logo um presidente \u00e0 altura do cargo, diz Macron"},"content":{"rendered":"\n<p>O presidente franc\u00eas, Emmanuel Macron, voltou a subir o tom contra Jair Bolsonaro nesta segunda-feira (26), dizendo esperar que &#8220;os brasileiros tenham logo um presidente \u00e0 altura&#8221; do cargo.<\/p>\n\n\n\n<p>Em entrevista ao lado do presidente chileno Sebasti\u00e1n Pi\u00f1era, no \u00e2mbito da c\u00fapula do G7 (clube dos pa\u00edses ricos), o chefe de Estado franc\u00eas afirmou que &#8220;\u00e9 triste&#8221; ver ministros brasileiros insultarem l\u00edderes estrangeiros.<\/p>\n\n\n\n<p>No \u00faltimo fim de semana, o titular da Educa\u00e7\u00e3o, Abraham Weintraub, chamou Macron de cretino oportunista. J\u00e1 Bolsonaro zombou da mulher do franc\u00eas, Brigitte Macron, em coment\u00e1rio na internet.<\/p>\n\n\n\n<p>&#8220;As mulheres brasileiras sem d\u00favida t\u00eam um pouco de vergonha [de seu presidente]&#8221;, afirmou o l\u00edder europeu.<\/p>\n\n\n\n<p>Macron descreveu os \u00faltimos lances da crise diplom\u00e1tica com Bras\u00edlia como um &#8220;grande mal-entendido&#8221;.<\/p>\n\n\n\n<p>&#8220;Ele me prometeu, com a m\u00e3o no peito [na c\u00fapula do G20, em julho, no Jap\u00e3o], respeitar seus engajamentos ambientais. Dias depois, demitiu cientistas de seu governo&#8221;, disse o franc\u00eas, referindo-se \u00e0 demiss\u00e3o do presidente do Inpe (Instituto Nacional de Pesquisas Espaciais), Ricardo Galv\u00e3o, ap\u00f3s a divulga\u00e7\u00e3o de estat\u00edsticas sobre o desmatamento que desagradaram ao governo.<\/p>\n\n\n\n<p>Os desentendimentos entre os dois l\u00edderes se acirraram desde que o brasileiro amea\u00e7ou deixar o Acordo de Paris sobre o Clima e o franc\u00eas reagiu prometendo barrar o acordo comercial entre Uni\u00e3o Europeia e Mercosul.<\/p>\n\n\n\n<p>Na quinta-feira (22), Macron disse que as queimadas na Amaz\u00f4nia geraram uma crise internacional e convocou os membros do G7 a discutir solu\u00e7\u00f5es para o tema.<\/p>\n\n\n\n<p>Bolsonaro reagiu \u00e0s cr\u00edticas. &#8220;A sugest\u00e3o do presidente franc\u00eas, de que assuntos amaz\u00f4nicos sejam discutidos no G7 sem a participa\u00e7\u00e3o dos pa\u00edses da regi\u00e3o, evoca mentalidade colonialista descabida no s\u00e9culo 21&#8221;, reagiu Bolsonaro no Twitter.&nbsp;<\/p>\n\n\n\n<p>Tamb\u00e9m na quinta, Eduardo Bolsonaro (PSL-SP), deputado federal e filho do presidente, compartilhou um v\u00eddeo com o t\u00edtulo &#8220;Macron \u00e9 um idiota&#8221;.<\/p>\n\n\n\n<p>Na sexta-feira (23),&nbsp; Bolsonaro voltou a criticar o presidente franc\u00eas, Emannuel Macron, e o acusou de tentar potencializar o \u00f3dio contra o Brasil.&nbsp;&nbsp;<\/p>\n","protected":false},"excerpt":{"rendered":"<p>O presidente franc\u00eas, Emmanuel Macron, voltou a subir o tom contra Jair Bolsonaro nesta segunda-feira (26), dizendo esperar que &#8220;os brasileiros tenham logo um presidente&hellip; <\/p>\n","protected":false},"author":1,"featured_media":111949,"comment_status":"closed","ping_status":"closed","sticky":false,"template":"","format":"standard","meta":{"sfsi_plus_gutenberg_text_before_share":"","sfsi_plus_gutenberg_show_text_before_share":"","sfsi_plus_gutenberg_icon_type":"","sfsi_plus_gutenberg_icon_alignemt":"","sfsi_plus_gutenburg_max_per_row":"","footnotes":""},"categories":[11],"tags":[],"class_list":["post-111948","post","type-post","status-publish","format-standard","has-post-thumbnail","hentry","category-politica"],"_links":{"self":[{"href":"https:\/\/www.caririemacao.com\/1\/wp-json\/wp\/v2\/posts\/111948","targetHints":{"allow":["GET"]}}],"collection":[{"href":"https:\/\/www.caririemacao.com\/1\/wp-json\/wp\/v2\/posts"}],"about":[{"href":"https:\/\/www.caririemacao.com\/1\/wp-json\/wp\/v2\/types\/post"}],"author":[{"embeddable":true,"href":"https:\/\/www.caririemacao.com\/1\/wp-json\/wp\/v2\/users\/1"}],"replies":[{"embeddable":true,"href":"https:\/\/www.caririemacao.com\/1\/wp-json\/wp\/v2\/comments?post=111948"}],"version-history":[{"count":1,"href":"https:\/\/www.caririemacao.com\/1\/wp-json\/wp\/v2\/posts\/111948\/revisions"}],"predecessor-version":[{"id":111950,"href":"https:\/\/www.caririemacao.com\/1\/wp-json\/wp\/v2\/posts\/111948\/revisions\/111950"}],"wp:featuredmedia":[{"embeddable":true,"href":"https:\/\/www.caririemacao.com\/1\/wp-json\/wp\/v2\/media\/111949"}],"wp:attachment":[{"href":"https:\/\/www.caririemacao.com\/1\/wp-json\/wp\/v2\/media?parent=111948"}],"wp:term":[{"taxonomy":"category","embeddable":true,"href":"https:\/\/www.caririemacao.com\/1\/wp-json\/wp\/v2\/categories?post=111948"},{"taxonomy":"post_tag","embeddable":true,"href":"https:\/\/www.caririemacao.com\/1\/wp-json\/wp\/v2\/tags?post=111948"}],"curies":[{"name":"wp","href":"https:\/\/api.w.org\/{rel}","templated":true}]}}