{"id":111954,"date":"2019-08-26T10:49:55","date_gmt":"2019-08-26T13:49:55","guid":{"rendered":"http:\/\/www.caririemacao.com\/1\/?p=111954"},"modified":"2019-08-26T10:49:55","modified_gmt":"2019-08-26T13:49:55","slug":"macron-promete-que-g7-enviara-20-milhoes-de-euros-para-ajudar-no-combate-a-queimadas","status":"publish","type":"post","link":"https:\/\/www.caririemacao.com\/1\/2019\/08\/26\/macron-promete-que-g7-enviara-20-milhoes-de-euros-para-ajudar-no-combate-a-queimadas\/","title":{"rendered":"Macron promete que G7 enviar\u00e1 20 milh\u00f5es de euros para ajudar no combate a queimadas"},"content":{"rendered":"\n<p>Os l\u00edderes do G7 v\u00e3o providenciar 20 milh\u00f5es de euros (cerca de R$ 91 milh\u00f5es) de ajuda emergencial para combater os inc\u00eandios na Amaz\u00f4nia, de acordo com o presidente da Fran\u00e7a, Emmanuel Macron, de acordo com a ag\u00eancia Reuters.<\/p>\n\n\n\n<p>A maior parte do dinheiro ser\u00e1 destinada ao envio de avi\u00f5es Canadair de combate a inc\u00eandios, anunciou a presid\u00eancia francesa, segundo a ag\u00eancia France Press.<\/p>\n\n\n\n<p>Al\u00e9m desta frota a\u00e9rea, o G7 concordou com uma assist\u00eancia de m\u00e9dio prazo para o reflorestamento, a ser apresentado na Assembleia Geral da ONU no final de setembro, para o qual o Brasil ter\u00e1 que concordar em trabalhar com ONGs e popula\u00e7\u00f5es locais, disse o Pal\u00e1cio do Eliseu (governo franc\u00eas).<\/p>\n\n\n\n<p>As queimadas na floresta amaz\u00f4nica j\u00e1 haviam sido citadas pelos l\u00edderes reunidos em Biarritz, na Fran\u00e7a, no domingo (25). A c\u00fapula de sete grandes economias mundiais termina nesta segunda-feira (26).<br><\/p>\n\n\n\n<p>No come\u00e7o desta segunda (26), o presidente Macron j\u00e1 havia dado indica\u00e7\u00f5es de que haveria um an\u00fancio ao dizer que o grupo estava pr\u00f3ximo de um acordo sobre como ajudar o Brasil e outros pa\u00edses a combater as queimadas, de acordo com o jornal &#8220;The New York Times&#8221;.<\/p>\n\n\n\n<p>Mais tarde, uma pessoa pr\u00f3xima ao l\u00edder franc\u00eas disse \u00e0 ag\u00eancia Reuters que os pa\u00edses que t\u00eam florestas amaz\u00f4nicas precisam de financiamento, porque n\u00e3o t\u00eam fundos para pagar por avi\u00f5es de combate a queimadas.<\/p>\n\n\n\n<p><strong>Bolsonaro questiona a inten\u00e7\u00e3o da Fran\u00e7a<\/strong><\/p>\n\n\n\n<p>O presidente Jair Bolsonaro questionou o interesse do presidente da Fran\u00e7a em auxiliar as a\u00e7\u00f5es de combate \u00e0s queimadas na regi\u00e3o amaz\u00f4nica nesta segunda (26).<\/p>\n\n\n\n<p>Bolsonaro fez a indaga\u00e7\u00e3o durante uma fala na sa\u00edda do Pal\u00e1cio da Alvorada, na qual n\u00e3o respondeu a perguntas dos jornalistas.<\/p>\n\n\n\n<p>Com um exemplar do jornal &#8220;O Globo&#8221; em m\u00e3os, cuja manchete diz &#8216;Macron promete ajuda de pa\u00edses ricos \u00e0 Amaz\u00f4nia&#8217;, Bolsonaro questionou: &#8220;Ser\u00e1 que algu\u00e9m ajuda algu\u00e9m, a n\u00e3o ser uma pessoa pobre, n\u00e9, sem retorno? [&#8230;] O que que eles querem l\u00e1 h\u00e1 tanto tempo?\u201d.<\/p>\n\n\n\n<p><strong>Trump ausente<\/strong><\/p>\n\n\n\n<p>O presidente Donald Trump, dos Estados Unidos, n\u00e3o participou das discuss\u00f5es sobre mudan\u00e7a clim\u00e1tica e biodiversidade que aconteceram durante o encontro da c\u00fapula do G7 nesta segunda (26).<\/p>\n\n\n\n<p>Segundo Macron, o norte-americano estava em encontros bilaterais. Trump, no entanto, apoia os esfor\u00e7os para responder \u00e0s queimadas na Amaz\u00f4nia, disse o franc\u00eas.<\/p>\n\n\n\n<p>&#8220;Ele n\u00e3o estava na sala, mas o time dele, sim. N\u00e3o se deve interpretar a aus\u00eancia do presidente americano&#8230; Os EUA est\u00e3o ao nosso lado nos temas de biodiversidade e na iniciativa da Amaz\u00f4nia&#8221;, afirmou o presidente da Fran\u00e7a.<\/p>\n\n\n\n<p><strong>Esfor\u00e7os de Macron<\/strong><\/p>\n\n\n\n<p>&#8220;H\u00e1 uma converg\u00eancia real para dizer que todos concordamos em ajudar os pa\u00edses afetados por esses inc\u00eandios o mais r\u00e1pido poss\u00edvel&#8221;, afirmou no domingo (25) Macron, anfitri\u00e3o da c\u00fapula das sete grandes economias mundiais.<\/p>\n\n\n\n<p>No s\u00e1bado (24), ele disse que uma das prioridades do evento seria mobilizar \u201ctodas as pot\u00eancias, em parceria com os pa\u00edses da Amaz\u00f4nia\u201d, para combater o desmatamento e investir no reflorestamento.<\/p>\n\n\n\n<p>\u201cA Amaz\u00f4nia \u00e9 nosso bem comum. Estamos todos envolvidos, e a Fran\u00e7a est\u00e1 provavelmente mais do que outros que estar\u00e3o nessa mesa [do G7], porque n\u00f3s somos amazonenses. A Guiana Francesa est\u00e1 na Amaz\u00f4nia\u201d, afirmou Macron, em cadeia nacional.<\/p>\n\n\n\n<p>Na sexta (23), ele deu declara\u00e7\u00f5es espec\u00edficas sobre o Brasil: afirmou que Jair Bolsonaro mentiu sobre os compromissos em rela\u00e7\u00e3o \u00e0 preserva\u00e7\u00e3o ambiental, assumidos durante a reuni\u00e3o do G20, em junho. O franc\u00eas amea\u00e7ou n\u00e3o ratificar o acordo comercial entre Uni\u00e3o Europeia e Mercosul por esse motivo.<\/p>\n\n\n\n<p>No entanto, no s\u00e1bado (24), Reino Unido, Alemanha e Espanha fizeram cr\u00edticas a Macron e defenderam o acordo UE-Mercosul.<\/p>\n\n\n\n<p>O ministro das Rela\u00e7\u00f5es Exteriores da Alemanha, Heiko Maas, disse nesta segunda (26) que o tratado comercial permite ao bloco europeu exercer press\u00e3o sobre o Brasil para tomar mais a\u00e7\u00f5es contra os inc\u00eandios na Amaz\u00f4nia. &#8220;O acordo com o Mercosul nos d\u00e1 possibilidades e maneiras de exercer press\u00e3o para influenciar as coisas (no Brasil)&#8221;, afirmou Maas.<\/p>\n\n\n\n<p><strong>N\u00famero de queimadas \u00e9 o maior desde 2010<\/strong><\/p>\n\n\n\n<p>A ag\u00eancia espacial americana (Nasa) disse que 2019 \u00e9 o pior ano de queimadas na Amaz\u00f4nia brasileira desde 2010.<\/p>\n\n\n\n<p>De 1\u00ba de janeiro at\u00e9 esta quinta-feira (22) foram 39.033 focos de queimadas, um crescimento muito grande em rela\u00e7\u00e3o ao mesmo per\u00edodo do ano passado \u2013quase duas vezes e meia.<\/p>\n","protected":false},"excerpt":{"rendered":"<p>Os l\u00edderes do G7 v\u00e3o providenciar 20 milh\u00f5es de euros (cerca de R$ 91 milh\u00f5es) de ajuda emergencial para combater os inc\u00eandios na Amaz\u00f4nia, de&hellip; <\/p>\n","protected":false},"author":1,"featured_media":111955,"comment_status":"closed","ping_status":"closed","sticky":false,"template":"","format":"standard","meta":{"sfsi_plus_gutenberg_text_before_share":"","sfsi_plus_gutenberg_show_text_before_share":"","sfsi_plus_gutenberg_icon_type":"","sfsi_plus_gutenberg_icon_alignemt":"","sfsi_plus_gutenburg_max_per_row":"","footnotes":""},"categories":[2],"tags":[],"class_list":["post-111954","post","type-post","status-publish","format-standard","has-post-thumbnail","hentry","category-geral"],"_links":{"self":[{"href":"https:\/\/www.caririemacao.com\/1\/wp-json\/wp\/v2\/posts\/111954","targetHints":{"allow":["GET"]}}],"collection":[{"href":"https:\/\/www.caririemacao.com\/1\/wp-json\/wp\/v2\/posts"}],"about":[{"href":"https:\/\/www.caririemacao.com\/1\/wp-json\/wp\/v2\/types\/post"}],"author":[{"embeddable":true,"href":"https:\/\/www.caririemacao.com\/1\/wp-json\/wp\/v2\/users\/1"}],"replies":[{"embeddable":true,"href":"https:\/\/www.caririemacao.com\/1\/wp-json\/wp\/v2\/comments?post=111954"}],"version-history":[{"count":1,"href":"https:\/\/www.caririemacao.com\/1\/wp-json\/wp\/v2\/posts\/111954\/revisions"}],"predecessor-version":[{"id":111956,"href":"https:\/\/www.caririemacao.com\/1\/wp-json\/wp\/v2\/posts\/111954\/revisions\/111956"}],"wp:featuredmedia":[{"embeddable":true,"href":"https:\/\/www.caririemacao.com\/1\/wp-json\/wp\/v2\/media\/111955"}],"wp:attachment":[{"href":"https:\/\/www.caririemacao.com\/1\/wp-json\/wp\/v2\/media?parent=111954"}],"wp:term":[{"taxonomy":"category","embeddable":true,"href":"https:\/\/www.caririemacao.com\/1\/wp-json\/wp\/v2\/categories?post=111954"},{"taxonomy":"post_tag","embeddable":true,"href":"https:\/\/www.caririemacao.com\/1\/wp-json\/wp\/v2\/tags?post=111954"}],"curies":[{"name":"wp","href":"https:\/\/api.w.org\/{rel}","templated":true}]}}