{"id":111960,"date":"2019-08-26T10:52:30","date_gmt":"2019-08-26T13:52:30","guid":{"rendered":"http:\/\/www.caririemacao.com\/1\/?p=111960"},"modified":"2019-08-26T10:52:30","modified_gmt":"2019-08-26T13:52:30","slug":"nao-podemos-aceitar-que-macron-dispare-ataques-descabidos-a-amazonia-diz-bolsonaro","status":"publish","type":"post","link":"https:\/\/www.caririemacao.com\/1\/2019\/08\/26\/nao-podemos-aceitar-que-macron-dispare-ataques-descabidos-a-amazonia-diz-bolsonaro\/","title":{"rendered":"N\u00e3o podemos aceitar que Macron dispare ataques descabidos \u00e0 Amaz\u00f4nia, diz Bolsonaro"},"content":{"rendered":"\n<p>O presidente Jair Bolsonaro respondeu \u00e0s cr\u00edticas feitas pelo presidente franc\u00eas, Emmanuel Macron, na manh\u00e3 desta segunda-feira (26).&nbsp;<\/p>\n\n\n\n<p>&#8220;N\u00e3o podemos aceitar que um presidente, Macron, dispare ataques descabidos e gratuitos \u00e0 Amaz\u00f4nia, nem que disfarce suas inten\u00e7\u00f5es atr\u00e1s da ideia de uma &#8216;alian\u00e7a&#8217; dos pa\u00edses do G7 para &#8216;salvar&#8217; a Amaz\u00f4nia, como se f\u00f4ssemos uma col\u00f4nia ou uma terra de ningu\u00e9m&#8221;, publicou o presidente, em uma rede social.<\/p>\n\n\n\n<p>&#8220;Outros chefes de Estado se solidarizaram com o Brasil, afinal respeito \u00e0 soberania de qualquer pa\u00eds \u00e9 o m\u00ednimo que se pode esperar num mundo civilizado&#8221;, acrescentou Bolsonaro.<\/p>\n\n\n\n<p>Mais cedo, o presidente franc\u00eas disse esperar que os brasileiros &#8220;tenham logo um presidente que se comporte \u00e0 altura do cargo&#8221;.<\/p>\n\n\n\n<p>Macron afirmou tamb\u00e9m que &#8220;\u00e9 triste&#8221; ver ministros brasileiros insultarem l\u00edderes estrangeiros e voltou a dizer que Bolsonaro descumpriu o que havia sido acertado.&nbsp;<\/p>\n\n\n\n<p>&#8220;Bolsonaro me prometeu, com a m\u00e3o no peito [na c\u00fapula do G20, em julho, no Jap\u00e3o], fazer tudo pelo reflorestamento e respeitar os engajamentos do Acordo de Paris [sobre a mudan\u00e7a clim\u00e1tica] para podermos fechar o pacto comercial [entre Uni\u00e3o Europeia e Mercosul). Devo dizer que ele n\u00e3o falou a verdade&#8221;, acrescentou.<\/p>\n\n\n\n<p>&#8220;Dias depois, o presidente demitiu cientistas de seu governo&#8221;, lamentou o franc\u00eas, referindo-se ao afastamento do presidente do Inpe (Instituto Nacional de Pesquisas Espaciais), Ricardo Galv\u00e3o, ap\u00f3s a divulga\u00e7\u00e3o de estat\u00edsticas sobre o desmatamento que desagradaram ao governo.<\/p>\n\n\n\n<p>Brasil e Fran\u00e7a vivem a mais s\u00e9ria crise diplom\u00e1tica desde a d\u00e9cada de 1960, na opini\u00e3o de diplomatas europeus e brasileiros ouvidos pela Folha de S.Paulo.<\/p>\n\n\n\n<p>Os desentendimentos entre os dois l\u00edderes se acirraram desde que o brasileiro amea\u00e7ou deixar o Acordo de Paris sobre o Clima e o franc\u00eas reagiu prometendo barrar o acordo comercial entre Uni\u00e3o Europeia e Mercosul.<\/p>\n\n\n\n<p>Na quinta-feira (22), Macron disse que as queimadas na Amaz\u00f4nia geraram uma crise internacional e convocou os membros do G7 a discutir solu\u00e7\u00f5es para o tema.<\/p>\n\n\n\n<p>Bolsonaro reagiu \u00e0s cr\u00edticas. &#8220;A sugest\u00e3o do presidente franc\u00eas, de que assuntos amaz\u00f4nicos sejam discutidos no G7 sem a participa\u00e7\u00e3o dos pa\u00edses da regi\u00e3o, evoca mentalidade colonialista descabida no s\u00e9culo 21&#8221;, reagiu Bolsonaro no Twitter.&nbsp;<\/p>\n\n\n\n<p>Tamb\u00e9m na quinta, Eduardo Bolsonaro (PSL-SP), deputado federal e filho do presidente, compartilhou um v\u00eddeo com o t\u00edtulo &#8220;Macron \u00e9 um idiota&#8221;.<\/p>\n\n\n\n<p>Na sexta-feira (23),&nbsp; Bolsonaro voltou a criticar o presidente franc\u00eas, Emannuel Macron, e o acusou de tentar potencializar o \u00f3dio contra o Brasil.&nbsp;<\/p>\n","protected":false},"excerpt":{"rendered":"<p>O presidente Jair Bolsonaro respondeu \u00e0s cr\u00edticas feitas pelo presidente franc\u00eas, Emmanuel Macron, na manh\u00e3 desta segunda-feira (26).&nbsp; &#8220;N\u00e3o podemos aceitar que um presidente, Macron,&hellip; <\/p>\n","protected":false},"author":1,"featured_media":110902,"comment_status":"closed","ping_status":"closed","sticky":false,"template":"","format":"standard","meta":{"sfsi_plus_gutenberg_text_before_share":"","sfsi_plus_gutenberg_show_text_before_share":"","sfsi_plus_gutenberg_icon_type":"","sfsi_plus_gutenberg_icon_alignemt":"","sfsi_plus_gutenburg_max_per_row":"","footnotes":""},"categories":[11],"tags":[],"class_list":["post-111960","post","type-post","status-publish","format-standard","has-post-thumbnail","hentry","category-politica"],"_links":{"self":[{"href":"https:\/\/www.caririemacao.com\/1\/wp-json\/wp\/v2\/posts\/111960","targetHints":{"allow":["GET"]}}],"collection":[{"href":"https:\/\/www.caririemacao.com\/1\/wp-json\/wp\/v2\/posts"}],"about":[{"href":"https:\/\/www.caririemacao.com\/1\/wp-json\/wp\/v2\/types\/post"}],"author":[{"embeddable":true,"href":"https:\/\/www.caririemacao.com\/1\/wp-json\/wp\/v2\/users\/1"}],"replies":[{"embeddable":true,"href":"https:\/\/www.caririemacao.com\/1\/wp-json\/wp\/v2\/comments?post=111960"}],"version-history":[{"count":1,"href":"https:\/\/www.caririemacao.com\/1\/wp-json\/wp\/v2\/posts\/111960\/revisions"}],"predecessor-version":[{"id":111961,"href":"https:\/\/www.caririemacao.com\/1\/wp-json\/wp\/v2\/posts\/111960\/revisions\/111961"}],"wp:featuredmedia":[{"embeddable":true,"href":"https:\/\/www.caririemacao.com\/1\/wp-json\/wp\/v2\/media\/110902"}],"wp:attachment":[{"href":"https:\/\/www.caririemacao.com\/1\/wp-json\/wp\/v2\/media?parent=111960"}],"wp:term":[{"taxonomy":"category","embeddable":true,"href":"https:\/\/www.caririemacao.com\/1\/wp-json\/wp\/v2\/categories?post=111960"},{"taxonomy":"post_tag","embeddable":true,"href":"https:\/\/www.caririemacao.com\/1\/wp-json\/wp\/v2\/tags?post=111960"}],"curies":[{"name":"wp","href":"https:\/\/api.w.org\/{rel}","templated":true}]}}