{"id":111966,"date":"2019-08-26T11:57:19","date_gmt":"2019-08-26T14:57:19","guid":{"rendered":"http:\/\/www.caririemacao.com\/1\/?p=111966"},"modified":"2019-08-26T11:57:19","modified_gmt":"2019-08-26T14:57:19","slug":"fiscalizacao-da-prf-apreende-veiculo-e-varias-motocicletas-em-serra-branca","status":"publish","type":"post","link":"https:\/\/www.caririemacao.com\/1\/2019\/08\/26\/fiscalizacao-da-prf-apreende-veiculo-e-varias-motocicletas-em-serra-branca\/","title":{"rendered":"Fiscaliza\u00e7\u00e3o da PRF apreende ve\u00edculo e v\u00e1rias motocicletas em Serra Branca"},"content":{"rendered":"\n<p>A Pol\u00edcia Rodovi\u00e1ria Federal realizou neste domingo (25), uma intensiva fiscaliza\u00e7\u00e3o na BR-412, nas proximidades da entrada do munic\u00edpio de Serra Branca, no Cariri paraibano.<\/p>\n\n\n\n<p>A fiscaliza\u00e7\u00e3o feita por parte da PRF resultou na apreens\u00e3o de v\u00e1rias motocicletas e um veiculo modelo Classic que estava em situa\u00e7\u00e3o irregular.<\/p>\n\n\n\n<p>A a\u00e7\u00e3o da PRF tem como objetivo a redu\u00e7\u00e3o de acidentes de tr\u00e2nsito e bem como coibir as pr\u00e1ticas criminosas na regi\u00e3o do Cariri<\/p>\n","protected":false},"excerpt":{"rendered":"<p>A Pol\u00edcia Rodovi\u00e1ria Federal realizou neste domingo (25), uma intensiva fiscaliza\u00e7\u00e3o na BR-412, nas proximidades da entrada do munic\u00edpio de Serra Branca, no Cariri paraibano.&hellip; <\/p>\n","protected":false},"author":1,"featured_media":111967,"comment_status":"closed","ping_status":"closed","sticky":false,"template":"","format":"standard","meta":{"sfsi_plus_gutenberg_text_before_share":"","sfsi_plus_gutenberg_show_text_before_share":"","sfsi_plus_gutenberg_icon_type":"","sfsi_plus_gutenberg_icon_alignemt":"","sfsi_plus_gutenburg_max_per_row":"","footnotes":""},"categories":[50,12],"tags":[],"class_list":["post-111966","post","type-post","status-publish","format-standard","has-post-thumbnail","hentry","category-destaque","category-policia"],"_links":{"self":[{"href":"https:\/\/www.caririemacao.com\/1\/wp-json\/wp\/v2\/posts\/111966","targetHints":{"allow":["GET"]}}],"collection":[{"href":"https:\/\/www.caririemacao.com\/1\/wp-json\/wp\/v2\/posts"}],"about":[{"href":"https:\/\/www.caririemacao.com\/1\/wp-json\/wp\/v2\/types\/post"}],"author":[{"embeddable":true,"href":"https:\/\/www.caririemacao.com\/1\/wp-json\/wp\/v2\/users\/1"}],"replies":[{"embeddable":true,"href":"https:\/\/www.caririemacao.com\/1\/wp-json\/wp\/v2\/comments?post=111966"}],"version-history":[{"count":1,"href":"https:\/\/www.caririemacao.com\/1\/wp-json\/wp\/v2\/posts\/111966\/revisions"}],"predecessor-version":[{"id":111968,"href":"https:\/\/www.caririemacao.com\/1\/wp-json\/wp\/v2\/posts\/111966\/revisions\/111968"}],"wp:featuredmedia":[{"embeddable":true,"href":"https:\/\/www.caririemacao.com\/1\/wp-json\/wp\/v2\/media\/111967"}],"wp:attachment":[{"href":"https:\/\/www.caririemacao.com\/1\/wp-json\/wp\/v2\/media?parent=111966"}],"wp:term":[{"taxonomy":"category","embeddable":true,"href":"https:\/\/www.caririemacao.com\/1\/wp-json\/wp\/v2\/categories?post=111966"},{"taxonomy":"post_tag","embeddable":true,"href":"https:\/\/www.caririemacao.com\/1\/wp-json\/wp\/v2\/tags?post=111966"}],"curies":[{"name":"wp","href":"https:\/\/api.w.org\/{rel}","templated":true}]}}