{"id":111970,"date":"2019-08-26T12:00:18","date_gmt":"2019-08-26T15:00:18","guid":{"rendered":"http:\/\/www.caririemacao.com\/1\/?p=111970"},"modified":"2019-08-26T12:00:18","modified_gmt":"2019-08-26T15:00:18","slug":"jovem-e-esfaqueado-na-zona-rural-de-monteiro","status":"publish","type":"post","link":"https:\/\/www.caririemacao.com\/1\/2019\/08\/26\/jovem-e-esfaqueado-na-zona-rural-de-monteiro\/","title":{"rendered":"Jovem \u00e9 esfaqueado na zona rural de Monteiro"},"content":{"rendered":"\n<p>Um jovem identificado por Jos\u00e9 Moacir de Moacir, foi esfaqueado em frente a um bar, na madrugada deste domingo (25) no Sitio Picos, zona rural do munic\u00edpio de Monteiro.<\/p>\n\n\n\n<p>De acordo com informa\u00e7\u00f5es, ele estava consumindo bebida alco\u00f3lica em um bar, quando os dois se desentenderam. Ainda de acordo com informa\u00e7\u00f5es, a v\u00edtima foi agredida quando estava saindo em sua moto.<\/p>\n\n\n\n<p>O motivo da discuss\u00e3o n\u00e3o foi informado. A v\u00edtima foi socorrida por terceiros e encaminhada ao Hospital Regional de Monteiro em seguida para o Hospital de Emerg\u00eancia e Trauma de Campina Grande.<\/p>\n\n\n\n<div class=\"wp-block-image\"><figure class=\"aligncenter\"><img decoding=\"async\" data-src=\"http:\/\/hora1pb.com.br\/wp-content\/uploads\/2019\/08\/69527054_411950232777534_3108133584322428928_n.jpg\" alt=\"\" class=\"wp-image-15034 lazyload\" src=\"data:image\/svg+xml;base64,PHN2ZyB3aWR0aD0iMSIgaGVpZ2h0PSIxIiB4bWxucz0iaHR0cDovL3d3dy53My5vcmcvMjAwMC9zdmciPjwvc3ZnPg==\" \/><\/figure><\/div>\n","protected":false},"excerpt":{"rendered":"<p>Um jovem identificado por Jos\u00e9 Moacir de Moacir, foi esfaqueado em frente a um bar, na madrugada deste domingo (25) no Sitio Picos, zona rural&hellip; <\/p>\n","protected":false},"author":1,"featured_media":25307,"comment_status":"closed","ping_status":"closed","sticky":false,"template":"","format":"standard","meta":{"sfsi_plus_gutenberg_text_before_share":"","sfsi_plus_gutenberg_show_text_before_share":"","sfsi_plus_gutenberg_icon_type":"","sfsi_plus_gutenberg_icon_alignemt":"","sfsi_plus_gutenburg_max_per_row":"","footnotes":""},"categories":[50,12],"tags":[],"class_list":["post-111970","post","type-post","status-publish","format-standard","has-post-thumbnail","hentry","category-destaque","category-policia"],"_links":{"self":[{"href":"https:\/\/www.caririemacao.com\/1\/wp-json\/wp\/v2\/posts\/111970","targetHints":{"allow":["GET"]}}],"collection":[{"href":"https:\/\/www.caririemacao.com\/1\/wp-json\/wp\/v2\/posts"}],"about":[{"href":"https:\/\/www.caririemacao.com\/1\/wp-json\/wp\/v2\/types\/post"}],"author":[{"embeddable":true,"href":"https:\/\/www.caririemacao.com\/1\/wp-json\/wp\/v2\/users\/1"}],"replies":[{"embeddable":true,"href":"https:\/\/www.caririemacao.com\/1\/wp-json\/wp\/v2\/comments?post=111970"}],"version-history":[{"count":1,"href":"https:\/\/www.caririemacao.com\/1\/wp-json\/wp\/v2\/posts\/111970\/revisions"}],"predecessor-version":[{"id":111971,"href":"https:\/\/www.caririemacao.com\/1\/wp-json\/wp\/v2\/posts\/111970\/revisions\/111971"}],"wp:featuredmedia":[{"embeddable":true,"href":"https:\/\/www.caririemacao.com\/1\/wp-json\/wp\/v2\/media\/25307"}],"wp:attachment":[{"href":"https:\/\/www.caririemacao.com\/1\/wp-json\/wp\/v2\/media?parent=111970"}],"wp:term":[{"taxonomy":"category","embeddable":true,"href":"https:\/\/www.caririemacao.com\/1\/wp-json\/wp\/v2\/categories?post=111970"},{"taxonomy":"post_tag","embeddable":true,"href":"https:\/\/www.caririemacao.com\/1\/wp-json\/wp\/v2\/tags?post=111970"}],"curies":[{"name":"wp","href":"https:\/\/api.w.org\/{rel}","templated":true}]}}