{"id":111974,"date":"2019-08-26T12:11:25","date_gmt":"2019-08-26T15:11:25","guid":{"rendered":"http:\/\/www.caririemacao.com\/1\/?p=111974"},"modified":"2019-08-26T12:11:25","modified_gmt":"2019-08-26T15:11:25","slug":"midia-nacional-repercute-ato-convocado-por-rc-para-domingo-em-monteiro","status":"publish","type":"post","link":"https:\/\/www.caririemacao.com\/1\/2019\/08\/26\/midia-nacional-repercute-ato-convocado-por-rc-para-domingo-em-monteiro\/","title":{"rendered":"M\u00eddia nacional repercute ato convocado por RC para domingo, em Monteiro"},"content":{"rendered":"\n<p>A Coluna do Estad\u00e3o, publicada na vers\u00e3o online do Jornal O Estado de S\u00e3o Paulo, repercutiu, neste final de semana, a realiza\u00e7\u00e3o do SOS Transposi\u00e7\u00e3o, ato convocado pelo ex-governador Ricardo Coutinho (PSB) que ocorrer\u00e1 no pr\u00f3ximo domingo (1\u00ba), a partir das 10h, na cidade de Monteiro, no Cariri da Para\u00edba.<\/p>\n\n\n\n<p>O SOS Transposi\u00e7\u00e3o dever\u00e1 reunir pol\u00edticos de destaque do pa\u00eds, como os ex-presidenci\u00e1veis&nbsp;<strong><a href=\"https:\/\/paraibaja.com.br\/viva-a-paraiba-viva-o-nordeste-diz-fernando-haddad-apos-discriminacao-de-bolsonaro\/\" target=\"_blank\" rel=\"noreferrer noopener\">Fernando Haddad<\/a><\/strong>&nbsp;(PT) e Guilherme Boulos (Psol). Governadores de diversos estados do Nordeste tamb\u00e9m dever\u00e3o comparecer ao ato, que cobra do presidente Jair Bolsonaro (PSL) a retomada do bombeamento das \u00e1guas do Rio S\u00e3o Francisco.<\/p>\n\n\n\n<p>Na \u00faltima sexta-feira (23), Ricardo Coutinho comandou uma plen\u00e1ria para convocar o povo nordestino a gritar para o Brasil que n\u00e3o abrir\u00e1 m\u00e3o da maior obra h\u00eddrica do Nordeste.&nbsp; Para um audit\u00f3rio lotado na C\u00e2mara Municipal de Monteiro, ex-governador afirmou que n\u00e3o h\u00e1 outro caminho para o Nordestino sobreviver do que lutar pela volta do bombeamento das \u00e1guas do Rio S\u00e3o Francisco.<\/p>\n\n\n\n<p>Segundo Ricardo Coutinho, a transposi\u00e7\u00e3o do S\u00e3o Francisco \u00e9 uma das obras mais baratas do pa\u00eds na rela\u00e7\u00e3o per capta (R$ 12 bilh\u00f5es), j\u00e1 que quando conclu\u00edda ir\u00e1 atender a 12 milh\u00f5es de nordestinos.<\/p>\n\n\n\n<p>\u201cSe voc\u00ea pegar os R$ 12 bilh\u00f5es e dividir pelo n\u00famero de habitantes, vai chegar por R$ 1 mil por pessoa por ano, sendo R$ 100 se for em 10 anos. Precisamos do m\u00e1ximo engajamento de todos para que as \u00e1guas possam ser bombeadas novamente e a obra continue beneficiando a mais de 1 milh\u00e3o de pessoas somente no Eixo Leste. \u00c9 mentira que a transposi\u00e7\u00e3o \u00e9 cara e gasta muita energia, principalmente quando o Governo Federal d\u00e1 R$ 84 bilh\u00f5es em ren\u00fancia fiscal para o agroneg\u00f3cio\u201d, observou.<\/p>\n\n\n\n<h3 class=\"wp-block-heading\">Veja abaixo postagem feita na Coluna do Estad\u00e3o<\/h3>\n\n\n\n<div class=\"wp-block-image\"><figure class=\"alignleft\"><a href=\"https:\/\/paraibaja.com.br\/wp-content\/uploads\/2019\/08\/coluna-do-estadao-e1566825707905.jpeg\"><img decoding=\"async\" data-src=\"https:\/\/paraibaja.com.br\/wp-content\/uploads\/2019\/08\/coluna-do-estadao-e1566825707905.jpeg\" alt=\"M\u00eddia nacional repercute ato convocado por RC para s\u00e1bado, em Monteiro\" class=\"wp-image-155560 lazyload\" src=\"data:image\/svg+xml;base64,PHN2ZyB3aWR0aD0iMSIgaGVpZ2h0PSIxIiB4bWxucz0iaHR0cDovL3d3dy53My5vcmcvMjAwMC9zdmciPjwvc3ZnPg==\" \/><\/a><\/figure><\/div>\n","protected":false},"excerpt":{"rendered":"<p>A Coluna do Estad\u00e3o, publicada na vers\u00e3o online do Jornal O Estado de S\u00e3o Paulo, repercutiu, neste final de semana, a realiza\u00e7\u00e3o do SOS Transposi\u00e7\u00e3o,&hellip; <\/p>\n","protected":false},"author":1,"featured_media":111975,"comment_status":"closed","ping_status":"closed","sticky":false,"template":"","format":"standard","meta":{"sfsi_plus_gutenberg_text_before_share":"","sfsi_plus_gutenberg_show_text_before_share":"","sfsi_plus_gutenberg_icon_type":"","sfsi_plus_gutenberg_icon_alignemt":"","sfsi_plus_gutenburg_max_per_row":"","footnotes":""},"categories":[50,2],"tags":[],"class_list":["post-111974","post","type-post","status-publish","format-standard","has-post-thumbnail","hentry","category-destaque","category-geral"],"_links":{"self":[{"href":"https:\/\/www.caririemacao.com\/1\/wp-json\/wp\/v2\/posts\/111974","targetHints":{"allow":["GET"]}}],"collection":[{"href":"https:\/\/www.caririemacao.com\/1\/wp-json\/wp\/v2\/posts"}],"about":[{"href":"https:\/\/www.caririemacao.com\/1\/wp-json\/wp\/v2\/types\/post"}],"author":[{"embeddable":true,"href":"https:\/\/www.caririemacao.com\/1\/wp-json\/wp\/v2\/users\/1"}],"replies":[{"embeddable":true,"href":"https:\/\/www.caririemacao.com\/1\/wp-json\/wp\/v2\/comments?post=111974"}],"version-history":[{"count":1,"href":"https:\/\/www.caririemacao.com\/1\/wp-json\/wp\/v2\/posts\/111974\/revisions"}],"predecessor-version":[{"id":111976,"href":"https:\/\/www.caririemacao.com\/1\/wp-json\/wp\/v2\/posts\/111974\/revisions\/111976"}],"wp:featuredmedia":[{"embeddable":true,"href":"https:\/\/www.caririemacao.com\/1\/wp-json\/wp\/v2\/media\/111975"}],"wp:attachment":[{"href":"https:\/\/www.caririemacao.com\/1\/wp-json\/wp\/v2\/media?parent=111974"}],"wp:term":[{"taxonomy":"category","embeddable":true,"href":"https:\/\/www.caririemacao.com\/1\/wp-json\/wp\/v2\/categories?post=111974"},{"taxonomy":"post_tag","embeddable":true,"href":"https:\/\/www.caririemacao.com\/1\/wp-json\/wp\/v2\/tags?post=111974"}],"curies":[{"name":"wp","href":"https:\/\/api.w.org\/{rel}","templated":true}]}}