{"id":111980,"date":"2019-08-26T12:51:56","date_gmt":"2019-08-26T15:51:56","guid":{"rendered":"http:\/\/www.caririemacao.com\/1\/?p=111980"},"modified":"2019-08-26T12:51:56","modified_gmt":"2019-08-26T15:51:56","slug":"aneel-aprova-reajuste-na-tarifa-de-energia-da-pb","status":"publish","type":"post","link":"https:\/\/www.caririemacao.com\/1\/2019\/08\/26\/aneel-aprova-reajuste-na-tarifa-de-energia-da-pb\/","title":{"rendered":"Aneel aprova reajuste na tarifa de energia da PB"},"content":{"rendered":"\n<p>O diretor geral da Ag\u00eancia Nacional de Energia El\u00e9trica (Aneel) aprovou o reajuste tarif\u00e1rio anual de 2019 da Energisa na Para\u00edba, empresa que distribui a energia el\u00e9trica no Estado. O novo valor tarif\u00e1rio sofrer\u00e1 redu\u00e7\u00e3o de 4,78%, e entrar\u00e1 em vigor a partir desta quarta-feira (28). A informa\u00e7\u00e3o est\u00e1 na edi\u00e7\u00e3o desta segunda-feira (26) do Di\u00e1rio Oficial da Uni\u00e3o.<\/p>\n\n\n\n<p>A solicita\u00e7\u00e3o por parte da empresa foi acatada pela diretoria colegiada da Aneel na \u00faltima semana. O reajuste n\u00e3o atende apenas unidades residenciais, mas tamb\u00e9m as empresas.&nbsp; Segundo a Aneel, um dos motivos que mais contribu\u00edram para o reajuste negativo (redu\u00e7\u00e3o) da tarifa foi a diminui\u00e7\u00e3o dos custos com encargos setoriais.<\/p>\n\n\n\n<p>Com isso, o reajuste, que entrar\u00e1 em vigor a partir desta quarta-feira, apresenta uma redu\u00e7\u00e3o de 4,78% para consumidores residenciais, 4,23% para empresas de baixa a m\u00e9dia tens\u00e3o e de 4,40% para empresas de m\u00e9dia a alta tens\u00e3o, geralmente as ind\u00fastrias.<\/p>\n\n\n\n<p><strong>MaisPB<\/strong><\/p>\n","protected":false},"excerpt":{"rendered":"<p>O diretor geral da Ag\u00eancia Nacional de Energia El\u00e9trica (Aneel) aprovou o reajuste tarif\u00e1rio anual de 2019 da Energisa na Para\u00edba, empresa que distribui a&hellip; <\/p>\n","protected":false},"author":1,"featured_media":100624,"comment_status":"closed","ping_status":"closed","sticky":false,"template":"","format":"standard","meta":{"sfsi_plus_gutenberg_text_before_share":"","sfsi_plus_gutenberg_show_text_before_share":"","sfsi_plus_gutenberg_icon_type":"","sfsi_plus_gutenberg_icon_alignemt":"","sfsi_plus_gutenburg_max_per_row":"","footnotes":""},"categories":[2],"tags":[],"class_list":["post-111980","post","type-post","status-publish","format-standard","has-post-thumbnail","hentry","category-geral"],"_links":{"self":[{"href":"https:\/\/www.caririemacao.com\/1\/wp-json\/wp\/v2\/posts\/111980","targetHints":{"allow":["GET"]}}],"collection":[{"href":"https:\/\/www.caririemacao.com\/1\/wp-json\/wp\/v2\/posts"}],"about":[{"href":"https:\/\/www.caririemacao.com\/1\/wp-json\/wp\/v2\/types\/post"}],"author":[{"embeddable":true,"href":"https:\/\/www.caririemacao.com\/1\/wp-json\/wp\/v2\/users\/1"}],"replies":[{"embeddable":true,"href":"https:\/\/www.caririemacao.com\/1\/wp-json\/wp\/v2\/comments?post=111980"}],"version-history":[{"count":1,"href":"https:\/\/www.caririemacao.com\/1\/wp-json\/wp\/v2\/posts\/111980\/revisions"}],"predecessor-version":[{"id":111981,"href":"https:\/\/www.caririemacao.com\/1\/wp-json\/wp\/v2\/posts\/111980\/revisions\/111981"}],"wp:featuredmedia":[{"embeddable":true,"href":"https:\/\/www.caririemacao.com\/1\/wp-json\/wp\/v2\/media\/100624"}],"wp:attachment":[{"href":"https:\/\/www.caririemacao.com\/1\/wp-json\/wp\/v2\/media?parent=111980"}],"wp:term":[{"taxonomy":"category","embeddable":true,"href":"https:\/\/www.caririemacao.com\/1\/wp-json\/wp\/v2\/categories?post=111980"},{"taxonomy":"post_tag","embeddable":true,"href":"https:\/\/www.caririemacao.com\/1\/wp-json\/wp\/v2\/tags?post=111980"}],"curies":[{"name":"wp","href":"https:\/\/api.w.org\/{rel}","templated":true}]}}