{"id":111984,"date":"2019-08-26T12:55:48","date_gmt":"2019-08-26T15:55:48","guid":{"rendered":"http:\/\/www.caririemacao.com\/1\/?p=111984"},"modified":"2019-08-26T12:55:48","modified_gmt":"2019-08-26T15:55:48","slug":"em-seis-meses-desaprovacao-pessoal-de-bolsonaro-salta-de-28-para-54","status":"publish","type":"post","link":"https:\/\/www.caririemacao.com\/1\/2019\/08\/26\/em-seis-meses-desaprovacao-pessoal-de-bolsonaro-salta-de-28-para-54\/","title":{"rendered":"Em seis meses, desaprova\u00e7\u00e3o pessoal de Bolsonaro salta de 28% para 54%"},"content":{"rendered":"\n<p>O desempenho de Jair Bolsonaro como presidente da Rep\u00fablica \u00e9 reprovado pela maioria dos brasileiros, segundo pesquisa da Confedera\u00e7\u00e3o Nacional dos Transportes com o instituto MDA divulgada nesta segunda-feira (26).<\/p>\n\n\n\n<p>De acordo com os resultados, a postura de Bolsonaro no seu mandato at\u00e9 agora \u00e9 desaprovada por 53,7% dos entrevistados, contra 41% de aprova\u00e7\u00e3o. H\u00e1, ainda, 5,3% que n\u00e3o souberam opinar ou n\u00e3o responderam.<\/p>\n\n\n\n<p>Na avalia\u00e7\u00e3o anterior, de fevereiro, a desaprova\u00e7\u00e3o pessoal de Bolsonaro era de 28,2%, enquanto a aprova\u00e7\u00e3o havia sido de 57,5%.<\/p>\n\n\n\n<p>39,5% dos entrevistados avaliam o governo como ruim ou p\u00e9ssimo, ao passo de 29,4% consideram \u00f3timo ou bom e 29,1%, regular. Em fevereiro, s\u00f3 19% avaliavam o governo de forma negativa.<\/p>\n\n\n\n<p>A pesquisa entrevistou 2.002 brasileiros, entre os dias 22 e 25 de agosto, em 137 munic\u00edpios. A margem de erro \u00e9 de 2,2 pontos percentuais para mais ou para menos.<\/p>\n\n\n\n<p><strong>Avalia\u00e7\u00e3o das \u00e1reas de atua\u00e7\u00e3o<\/strong><\/p>\n\n\n\n<p>De acordo com a pesquisa, as \u00e1reas citadas como de pior desempenho do governo s\u00e3o sa\u00fade (30,6%), meio ambiente (26,5%) e educa\u00e7\u00e3o (24,5%).<\/p>\n\n\n\n<p>Os dois \u00faltimos resultados correspondem aos maiores conflitos que Bolsonaro t\u00eam enfrentado at\u00e9 agora diante da repercuss\u00e3o das queimadas na Amaz\u00f4nia e dos bloqueios no or\u00e7amento da educa\u00e7\u00e3o.<\/p>\n\n\n\n<p>A gest\u00e3o dessas duas \u00e1reas serviu como gatilho para as principais manifesta\u00e7\u00f5es de rua que o presidente enfrentou desde o come\u00e7o do ano.<\/p>\n\n\n\n<p>93% dos entrevistados consideram \u201cmuito importante\u201d preservar o meio ambiente enquanto 83% avaliam que o aquecimento global \u00e9 uma realidade.<\/p>\n\n\n\n<p>Para os entrevistados, no entanto, as \u00e1reas com melhor desempenho s\u00e3o o combate \u00e0 corrup\u00e7\u00e3o (31,3%), seguran\u00e7a (20,8%) e redu\u00e7\u00e3o de cargos e minist\u00e9rios (18,5%).<\/p>\n\n\n\n<p>No topo da lista das piores a\u00e7\u00f5es do governo at\u00e9 agora est\u00e3o o \u201cDecreto da libera\u00e7\u00e3o de posse e porte de arma\/libera\u00e7\u00e3o das armas\u201d (39%) e \u201cUso de palavras ofensivas e coment\u00e1rios inadequados\u201d (30,6%).<\/p>\n\n\n\n<p>88% dos entrevistados consideram que o Brasil ainda est\u00e1 em crise econ\u00f4mica. O Boletim Focus divulgado hoje voltou a reduzir a previs\u00e3o de crescimento do PIB neste ano, agora de 0,83% para 0,80%. Se confirmado, ser\u00e1 menos do que o 1,1% registrado tanto em 2017 quanto em 2018.<\/p>\n\n\n\n<p>Ao todo, 54% consideram que a crise s\u00f3 terminar\u00e1 em 2020 ou mais adiante e 33% acreditam que n\u00e3o haver\u00e1 melhoria na situa\u00e7\u00e3o econ\u00f4mica do pa\u00eds.<\/p>\n\n\n\n<p>A indica\u00e7\u00e3o de Eduardo Bolsonaro, deputado federal e filho do presidente, para a embaixada do Brasil nos Estados Unidos \u00e9 considerada inadequada por 72,7% dos entrevistados.<\/p>\n\n\n\n<p>A popula\u00e7\u00e3o est\u00e1 dividida se as mensagens reveladas pela Vaza Jato colocam em d\u00favida a isen\u00e7\u00e3o da opera\u00e7\u00e3o: 42,2% consideram que sim e 41,7% consideram que n\u00e3o, dentro da margem de erro.<\/p>\n\n\n\n<p>35% dos entrevistados avaliam que Sergio Moro deve deixar cargo de ministro da Justi\u00e7a e Seguran\u00e7a P\u00fablica enquanto 52% s\u00e3o contra.<\/p>\n","protected":false},"excerpt":{"rendered":"<p>O desempenho de Jair Bolsonaro como presidente da Rep\u00fablica \u00e9 reprovado pela maioria dos brasileiros, segundo pesquisa da Confedera\u00e7\u00e3o Nacional dos Transportes com o instituto&hellip; <\/p>\n","protected":false},"author":1,"featured_media":111985,"comment_status":"closed","ping_status":"closed","sticky":false,"template":"","format":"standard","meta":{"sfsi_plus_gutenberg_text_before_share":"","sfsi_plus_gutenberg_show_text_before_share":"","sfsi_plus_gutenberg_icon_type":"","sfsi_plus_gutenberg_icon_alignemt":"","sfsi_plus_gutenburg_max_per_row":"","footnotes":""},"categories":[11],"tags":[],"class_list":["post-111984","post","type-post","status-publish","format-standard","has-post-thumbnail","hentry","category-politica"],"_links":{"self":[{"href":"https:\/\/www.caririemacao.com\/1\/wp-json\/wp\/v2\/posts\/111984","targetHints":{"allow":["GET"]}}],"collection":[{"href":"https:\/\/www.caririemacao.com\/1\/wp-json\/wp\/v2\/posts"}],"about":[{"href":"https:\/\/www.caririemacao.com\/1\/wp-json\/wp\/v2\/types\/post"}],"author":[{"embeddable":true,"href":"https:\/\/www.caririemacao.com\/1\/wp-json\/wp\/v2\/users\/1"}],"replies":[{"embeddable":true,"href":"https:\/\/www.caririemacao.com\/1\/wp-json\/wp\/v2\/comments?post=111984"}],"version-history":[{"count":1,"href":"https:\/\/www.caririemacao.com\/1\/wp-json\/wp\/v2\/posts\/111984\/revisions"}],"predecessor-version":[{"id":111986,"href":"https:\/\/www.caririemacao.com\/1\/wp-json\/wp\/v2\/posts\/111984\/revisions\/111986"}],"wp:featuredmedia":[{"embeddable":true,"href":"https:\/\/www.caririemacao.com\/1\/wp-json\/wp\/v2\/media\/111985"}],"wp:attachment":[{"href":"https:\/\/www.caririemacao.com\/1\/wp-json\/wp\/v2\/media?parent=111984"}],"wp:term":[{"taxonomy":"category","embeddable":true,"href":"https:\/\/www.caririemacao.com\/1\/wp-json\/wp\/v2\/categories?post=111984"},{"taxonomy":"post_tag","embeddable":true,"href":"https:\/\/www.caririemacao.com\/1\/wp-json\/wp\/v2\/tags?post=111984"}],"curies":[{"name":"wp","href":"https:\/\/api.w.org\/{rel}","templated":true}]}}