{"id":111989,"date":"2019-08-26T13:01:02","date_gmt":"2019-08-26T16:01:02","guid":{"rendered":"http:\/\/www.caririemacao.com\/1\/?p=111989"},"modified":"2019-08-26T13:01:02","modified_gmt":"2019-08-26T16:01:02","slug":"a-crise-aumenta-moro-nao-esteve-comigo-na-campanha-afirma-bolsonaro","status":"publish","type":"post","link":"https:\/\/www.caririemacao.com\/1\/2019\/08\/26\/a-crise-aumenta-moro-nao-esteve-comigo-na-campanha-afirma-bolsonaro\/","title":{"rendered":"A crise aumenta: \u201cMoro n\u00e3o esteve comigo na campanha\u201d, afirma Bolsonaro"},"content":{"rendered":"\n<p>&nbsp;Em meio a um desgaste na rela\u00e7\u00e3o com o ministro Sergio Moro (Justi\u00e7a), o presidente Jair Bolsonaro (PSL) disse que o ex-juiz n\u00e3o esteve com ele durante a campanha eleitoral.<\/p>\n\n\n\n<p>A mensagem foi escrita em resposta a um pedido de um apoiador por meio das redes sociais.<\/p>\n\n\n\n<p>\u201cTodo respeito a ele, mas o mesmo n\u00e3o esteve comigo durante a campanha, at\u00e9 que, como juiz, n\u00e3o poderia\u201d, escreveu Bolsonaro em sua conta do Facebook.<\/p>\n\n\n\n<p>O coment\u00e1rio foi feito ap\u00f3s um seguidor do presidente comentar uma publica\u00e7\u00e3o da rede social com a seguinte mensagem: \u201cJair Messias Bolsonaro, cuide bem do Ministro Moro, voc\u00ea sabe que votamos em um governo composto por voc\u00ea, ele e o Paulo Guedes\u201d, escreveu o eleitor.<\/p>\n\n\n\n<p>Moro abriu m\u00e3o de sua carreira de juiz, ap\u00f3s ganhar repercuss\u00e3o nacional ao conduzir a Lava Jato em Curitiba, para assumir um \u201csuperminist\u00e9rio\u201d do governo Bolsonaro.<\/p>\n\n\n\n<p>Desde que tornou-se ministro da Justi\u00e7a, ele vem sofrendo uma s\u00e9rie de desgastes, com declara\u00e7\u00f5es p\u00fablicas do presidente que enfraquecem sua autonomia como ministro.<\/p>\n\n\n\n<p>No s\u00e1bado (24), Bolsonaro colocou em xeque a carta branca que disse que daria a Moro logo ap\u00f3s sua escolha para o cargo de ministro.<\/p>\n\n\n\n<p>\u201cOlha, carta branca. Eu tenho poder de veto em qualquer coisa, se n\u00e3o eu n\u00e3o sou presidente. Todos os ministros t\u00eam essa inger\u00eancia minha e eu fui eleito para mudar. Ponto final\u201d, disse, ao deixar o Pal\u00e1cio da Alvorada.<\/p>\n\n\n\n<p>O presidente disse n\u00e3o ter nenhum problema com Moro, em meio a um enfraquecimento do titular da Justi\u00e7a. \u201cN\u00e3o tenho problema nenhum com o Moro. Cada hora levantam uma coisa. Uma hora era Marcelo \u00c1lvaro Antonio [Turismo], o Onyx [Casa Civil] tamb\u00e9m\u201d, disse.<br>Bolsonaro mudou seu discurso em rela\u00e7\u00e3o \u00e0 \u00e9poca em que escolheu o ex-juiz da Lava Jato para sua equipe ministerial e disse que ele teria carta branca.<\/p>\n\n\n\n<p>A recente interfer\u00eancia na Pol\u00edcia Federal \u00e9 apontada internamente como a mais emblem\u00e1tica da falta de poder do ex-juiz no cargo atual, mas epis\u00f3dios com teor semelhante se acumularam ao longo de mais de oito meses de governo.<\/p>\n\n\n\n<p>Apesar dos ataques \u00e0 sua prometida autonomia, Moro permanece calado.<\/p>\n\n\n\n<p>A PF \u00e9 subordinada a Moro, tamb\u00e9m enfraquecido em meio \u00e0 divulga\u00e7\u00e3o de mensagens que mostram sua atua\u00e7\u00e3o em parceria com os procuradores em diferentes processos da Lava Jato e que colocaram em xeque sua atua\u00e7\u00e3o como juiz federal.<\/p>\n\n\n\n<p>Moro ainda tem sofrido seguidas derrotas no Congresso, onde tramita o pacote de medidas anticrime encaminhado por ele no in\u00edcio do governo.<\/p>\n\n\n\n<p>Quando confirmou o convite ao ent\u00e3o juiz federal, em novembro de 2018, Bolsonaro disse em entrevistas que tinha combinado com Moro que ele teria \u201cliberdade total\u201d para atuar no combate \u00e0 corrup\u00e7\u00e3o e ao crime organizado.<\/p>\n","protected":false},"excerpt":{"rendered":"<p>&nbsp;Em meio a um desgaste na rela\u00e7\u00e3o com o ministro Sergio Moro (Justi\u00e7a), o presidente Jair Bolsonaro (PSL) disse que o ex-juiz n\u00e3o esteve com&hellip; <\/p>\n","protected":false},"author":1,"featured_media":109562,"comment_status":"closed","ping_status":"closed","sticky":false,"template":"","format":"standard","meta":{"sfsi_plus_gutenberg_text_before_share":"","sfsi_plus_gutenberg_show_text_before_share":"","sfsi_plus_gutenberg_icon_type":"","sfsi_plus_gutenberg_icon_alignemt":"","sfsi_plus_gutenburg_max_per_row":"","footnotes":""},"categories":[11],"tags":[],"class_list":["post-111989","post","type-post","status-publish","format-standard","has-post-thumbnail","hentry","category-politica"],"_links":{"self":[{"href":"https:\/\/www.caririemacao.com\/1\/wp-json\/wp\/v2\/posts\/111989","targetHints":{"allow":["GET"]}}],"collection":[{"href":"https:\/\/www.caririemacao.com\/1\/wp-json\/wp\/v2\/posts"}],"about":[{"href":"https:\/\/www.caririemacao.com\/1\/wp-json\/wp\/v2\/types\/post"}],"author":[{"embeddable":true,"href":"https:\/\/www.caririemacao.com\/1\/wp-json\/wp\/v2\/users\/1"}],"replies":[{"embeddable":true,"href":"https:\/\/www.caririemacao.com\/1\/wp-json\/wp\/v2\/comments?post=111989"}],"version-history":[{"count":1,"href":"https:\/\/www.caririemacao.com\/1\/wp-json\/wp\/v2\/posts\/111989\/revisions"}],"predecessor-version":[{"id":111990,"href":"https:\/\/www.caririemacao.com\/1\/wp-json\/wp\/v2\/posts\/111989\/revisions\/111990"}],"wp:featuredmedia":[{"embeddable":true,"href":"https:\/\/www.caririemacao.com\/1\/wp-json\/wp\/v2\/media\/109562"}],"wp:attachment":[{"href":"https:\/\/www.caririemacao.com\/1\/wp-json\/wp\/v2\/media?parent=111989"}],"wp:term":[{"taxonomy":"category","embeddable":true,"href":"https:\/\/www.caririemacao.com\/1\/wp-json\/wp\/v2\/categories?post=111989"},{"taxonomy":"post_tag","embeddable":true,"href":"https:\/\/www.caririemacao.com\/1\/wp-json\/wp\/v2\/tags?post=111989"}],"curies":[{"name":"wp","href":"https:\/\/api.w.org\/{rel}","templated":true}]}}