{"id":111996,"date":"2019-08-26T13:14:11","date_gmt":"2019-08-26T16:14:11","guid":{"rendered":"http:\/\/www.caririemacao.com\/1\/?p=111996"},"modified":"2019-08-26T13:14:11","modified_gmt":"2019-08-26T16:14:11","slug":"governador-anuncia-criacao-de-duas-novas-delegacias","status":"publish","type":"post","link":"https:\/\/www.caririemacao.com\/1\/2019\/08\/26\/governador-anuncia-criacao-de-duas-novas-delegacias\/","title":{"rendered":"Governador anuncia cria\u00e7\u00e3o de duas novas delegacias"},"content":{"rendered":"\n<p>O governador Jo\u00e3o Azev\u00eado anuncia, em solenidade nesta ter\u00e7a-feira (27), \u00e0s 10h, na sede da Academia de Ensino da Pol\u00edcia Civil do Estado da Para\u00edba (Acadepol), a cria\u00e7\u00e3o da Delegacia Especializada de Roubos e Furtos, na cidade de Patos, e a&nbsp;Delegacia Especializada de Combate \u00e0 Corrup\u00e7\u00e3o no Estado.<\/p>\n\n\n\n<p>A necessidade da cria\u00e7\u00e3o da Delegacia Especializada de Roubos e Furtos de Patos surgiu ap\u00f3s a Secretaria da Seguran\u00e7a e Defesa Social ter criado uma For\u00e7a Tarefa com a finalidade de atuar nas ocorr\u00eancias que envolvam furtos por meio de explos\u00f5es e arrombamentos de institui\u00e7\u00f5es banc\u00e1rias e de terminais de autoatendimento, bem como de roubos a empresas e ve\u00edculos de transportes de valores no Estado.<\/p>\n\n\n\n<p>De acordo com o secret\u00e1rio Jean Nunes, as a\u00e7\u00f5es de preven\u00e7\u00e3o, intelig\u00eancia policial e repress\u00e3o de forma integrada j\u00e1 vinham acontecendo tanto na Capital quanto no interior do Estado, e as delegacias especializadas de roubos e furtos integrar\u00e3o a composi\u00e7\u00e3o da Divis\u00e3o de Investiga\u00e7\u00e3o.<\/p>\n\n\n\n<p>\u201cOcorre que somente existem delegacias especializadas dessa natureza em Jo\u00e3o Pessoa e Campina Grande, fazendo-se mister tamb\u00e9m a cria\u00e7\u00e3o de uma delegacia especializada de roubos e furtos em Patos\u201d, argumentou o secret\u00e1rio, lembrando que essa medida visa tamb\u00e9m atender ao plano operacional imposto pela Portaria n.\u00ba 018\/2019\/SESDS.<\/p>\n\n\n\n<p><strong>Combate \u00e0 corrup\u00e7\u00e3o<\/strong><\/p>\n\n\n\n<p>A cria\u00e7\u00e3o da Delegacia Especializada de Combate \u00e0 Corrup\u00e7\u00e3o se faz necess\u00e1ria de modo que o Estado da Para\u00edba possa se corresponder \u00e0 Portaria n.\u00ba 631\/2019, do Minist\u00e9rio da Justi\u00e7a e Seguran\u00e7a P\u00fablica.<\/p>\n\n\n\n<p>\u201cEssa Portaria estabelece, dentre os crit\u00e9rios de rateio dos recursos do Fundo Nacional de Seguran\u00e7a P\u00fablica em seu art. 3\u00ba, inciso VIII, a necessidade de cria\u00e7\u00e3o e efetivo funcionamento na Pol\u00edcia Civil de unidade dedicada exclusivamente ao combate \u00e0 corrup\u00e7\u00e3o\u201d, concluiu.<\/p>\n\n\n\n<p>Al\u00e9m da cria\u00e7\u00e3o das novas delegacias, o Decreto transforma a Delegacia de Combate ao Crime Organizado em Delegacia de Repress\u00e3o ao Crime Organizado (Draco), com abrang\u00eancia em todo o Estado.<\/p>\n","protected":false},"excerpt":{"rendered":"<p>O governador Jo\u00e3o Azev\u00eado anuncia, em solenidade nesta ter\u00e7a-feira (27), \u00e0s 10h, na sede da Academia de Ensino da Pol\u00edcia Civil do Estado da Para\u00edba&hellip; <\/p>\n","protected":false},"author":1,"featured_media":111997,"comment_status":"closed","ping_status":"closed","sticky":false,"template":"","format":"standard","meta":{"sfsi_plus_gutenberg_text_before_share":"","sfsi_plus_gutenberg_show_text_before_share":"","sfsi_plus_gutenberg_icon_type":"","sfsi_plus_gutenberg_icon_alignemt":"","sfsi_plus_gutenburg_max_per_row":"","footnotes":""},"categories":[11],"tags":[],"class_list":["post-111996","post","type-post","status-publish","format-standard","has-post-thumbnail","hentry","category-politica"],"_links":{"self":[{"href":"https:\/\/www.caririemacao.com\/1\/wp-json\/wp\/v2\/posts\/111996","targetHints":{"allow":["GET"]}}],"collection":[{"href":"https:\/\/www.caririemacao.com\/1\/wp-json\/wp\/v2\/posts"}],"about":[{"href":"https:\/\/www.caririemacao.com\/1\/wp-json\/wp\/v2\/types\/post"}],"author":[{"embeddable":true,"href":"https:\/\/www.caririemacao.com\/1\/wp-json\/wp\/v2\/users\/1"}],"replies":[{"embeddable":true,"href":"https:\/\/www.caririemacao.com\/1\/wp-json\/wp\/v2\/comments?post=111996"}],"version-history":[{"count":1,"href":"https:\/\/www.caririemacao.com\/1\/wp-json\/wp\/v2\/posts\/111996\/revisions"}],"predecessor-version":[{"id":111998,"href":"https:\/\/www.caririemacao.com\/1\/wp-json\/wp\/v2\/posts\/111996\/revisions\/111998"}],"wp:featuredmedia":[{"embeddable":true,"href":"https:\/\/www.caririemacao.com\/1\/wp-json\/wp\/v2\/media\/111997"}],"wp:attachment":[{"href":"https:\/\/www.caririemacao.com\/1\/wp-json\/wp\/v2\/media?parent=111996"}],"wp:term":[{"taxonomy":"category","embeddable":true,"href":"https:\/\/www.caririemacao.com\/1\/wp-json\/wp\/v2\/categories?post=111996"},{"taxonomy":"post_tag","embeddable":true,"href":"https:\/\/www.caririemacao.com\/1\/wp-json\/wp\/v2\/tags?post=111996"}],"curies":[{"name":"wp","href":"https:\/\/api.w.org\/{rel}","templated":true}]}}