{"id":112004,"date":"2019-08-26T14:14:38","date_gmt":"2019-08-26T17:14:38","guid":{"rendered":"http:\/\/www.caririemacao.com\/1\/?p=112004"},"modified":"2019-08-26T14:14:38","modified_gmt":"2019-08-26T17:14:38","slug":"bebe-de-1-ano-e-11-meses-e-levado-para-hospital-apos-ser-ferido-com-faca-pelo-proprio-pai","status":"publish","type":"post","link":"https:\/\/www.caririemacao.com\/1\/2019\/08\/26\/bebe-de-1-ano-e-11-meses-e-levado-para-hospital-apos-ser-ferido-com-faca-pelo-proprio-pai\/","title":{"rendered":"Beb\u00ea de 1 ano e 11 meses \u00e9 levado para hospital ap\u00f3s ser ferido com faca pelo pr\u00f3prio pai"},"content":{"rendered":"\n<p>Uma mulher e um beb\u00ea de apenas um ano e onze meses de idade foram feridos com facadas, em S\u00e3o Jos\u00e9 de Piranhas, no Sert\u00e3o da Para\u00edba. Eles foram levados para o hospital da cidade, receberam atendimento m\u00e9dico e foram liberados. O suspeito do crime \u00e9 o pr\u00f3prio pai da crian\u00e7a e companheiro da v\u00edtima, que foi preso no s\u00e1bado (24) e encaminhado para a Cadeia P\u00fablica, onde espera audi\u00eancia de cust\u00f3dia.&nbsp;<\/p>\n\n\n\n<p>Segundo relato de testemunhas \u00e0 pol\u00edcia, o suspeito, de 34 anos, teria cometido as agress\u00f5es por causa de ci\u00fames. O homem tamb\u00e9m teria agredido a companheira com murros e chutes. Ap\u00f3s as agress\u00f5es, ele usou uma faca para amea\u00e7ar a companheira de morte e acabou ferindo ela e a crian\u00e7a.<\/p>\n\n\n\n<p>A Pol\u00edcia Militar foi acionada ao local e, ao chegar na casa da v\u00edtima, o suspeito j\u00e1 havia sa\u00eddo da resid\u00eancia. O homem foi encontrado minutos depois no Centro da cidade. Com ele, a pol\u00edcia apreendeu a faca utilizada para ferir a companheira dele e a filha.<\/p>\n","protected":false},"excerpt":{"rendered":"<p>Uma mulher e um beb\u00ea de apenas um ano e onze meses de idade foram feridos com facadas, em S\u00e3o Jos\u00e9 de Piranhas, no Sert\u00e3o&hellip; <\/p>\n","protected":false},"author":1,"featured_media":104562,"comment_status":"closed","ping_status":"closed","sticky":false,"template":"","format":"standard","meta":{"sfsi_plus_gutenberg_text_before_share":"","sfsi_plus_gutenberg_show_text_before_share":"","sfsi_plus_gutenberg_icon_type":"","sfsi_plus_gutenberg_icon_alignemt":"","sfsi_plus_gutenburg_max_per_row":"","footnotes":""},"categories":[12],"tags":[],"class_list":["post-112004","post","type-post","status-publish","format-standard","has-post-thumbnail","hentry","category-policia"],"_links":{"self":[{"href":"https:\/\/www.caririemacao.com\/1\/wp-json\/wp\/v2\/posts\/112004","targetHints":{"allow":["GET"]}}],"collection":[{"href":"https:\/\/www.caririemacao.com\/1\/wp-json\/wp\/v2\/posts"}],"about":[{"href":"https:\/\/www.caririemacao.com\/1\/wp-json\/wp\/v2\/types\/post"}],"author":[{"embeddable":true,"href":"https:\/\/www.caririemacao.com\/1\/wp-json\/wp\/v2\/users\/1"}],"replies":[{"embeddable":true,"href":"https:\/\/www.caririemacao.com\/1\/wp-json\/wp\/v2\/comments?post=112004"}],"version-history":[{"count":1,"href":"https:\/\/www.caririemacao.com\/1\/wp-json\/wp\/v2\/posts\/112004\/revisions"}],"predecessor-version":[{"id":112005,"href":"https:\/\/www.caririemacao.com\/1\/wp-json\/wp\/v2\/posts\/112004\/revisions\/112005"}],"wp:featuredmedia":[{"embeddable":true,"href":"https:\/\/www.caririemacao.com\/1\/wp-json\/wp\/v2\/media\/104562"}],"wp:attachment":[{"href":"https:\/\/www.caririemacao.com\/1\/wp-json\/wp\/v2\/media?parent=112004"}],"wp:term":[{"taxonomy":"category","embeddable":true,"href":"https:\/\/www.caririemacao.com\/1\/wp-json\/wp\/v2\/categories?post=112004"},{"taxonomy":"post_tag","embeddable":true,"href":"https:\/\/www.caririemacao.com\/1\/wp-json\/wp\/v2\/tags?post=112004"}],"curies":[{"name":"wp","href":"https:\/\/api.w.org\/{rel}","templated":true}]}}