{"id":112009,"date":"2019-08-26T15:12:48","date_gmt":"2019-08-26T18:12:48","guid":{"rendered":"http:\/\/www.caririemacao.com\/1\/?p=112009"},"modified":"2019-08-26T15:12:48","modified_gmt":"2019-08-26T18:12:48","slug":"sergio-moro-deve-vir-a-paraiba-esta-semana-para-inauguracao-da-sede-da-pf","status":"publish","type":"post","link":"https:\/\/www.caririemacao.com\/1\/2019\/08\/26\/sergio-moro-deve-vir-a-paraiba-esta-semana-para-inauguracao-da-sede-da-pf\/","title":{"rendered":"Sergio Moro deve vir \u00e0 Para\u00edba esta semana para inaugura\u00e7\u00e3o da sede da PF"},"content":{"rendered":"\n<p>O ministro da Justi\u00e7a e Seguran\u00e7a P\u00fablica, Sergio Moro, vir\u00e1 a Jo\u00e3o Pessoa na pr\u00f3xima sexta-feira (30) para participar da inaugura\u00e7\u00e3o da nova sede da Pol\u00edcia Federal na Para\u00edba, constru\u00edda \u00e0s margens da BR-230, em Jo\u00e3o Pessoa. O pr\u00e9dio fica localizado ao lado do pr\u00e9dio da Justi\u00e7a do Trabalho, tamb\u00e9m na BR-230.<\/p>\n\n\n\n<p>A constru\u00e7\u00e3o da nova sede da PF foi anunciada em 2017 pelo superintendente regional da PF, Andr\u00e9 Viana Andrade, quando tomou posse no cargo na Para\u00edba.&nbsp;<\/p>\n\n\n\n<p>A informa\u00e7\u00e3o sobre a participa\u00e7\u00e3o de S\u00e9rgio Moro \u00e9 da PF na Para\u00edba. O Minist\u00e9rio da Justi\u00e7a e Seguran\u00e7a P\u00fablica, por\u00e9m, disse que s\u00f3 pode confirmar a agenda do ministro na pr\u00f3xima quinta-feira (26).<\/p>\n","protected":false},"excerpt":{"rendered":"<p>O ministro da Justi\u00e7a e Seguran\u00e7a P\u00fablica, Sergio Moro, vir\u00e1 a Jo\u00e3o Pessoa na pr\u00f3xima sexta-feira (30) para participar da inaugura\u00e7\u00e3o da nova sede da&hellip; <\/p>\n","protected":false},"author":1,"featured_media":106330,"comment_status":"closed","ping_status":"closed","sticky":false,"template":"","format":"standard","meta":{"sfsi_plus_gutenberg_text_before_share":"","sfsi_plus_gutenberg_show_text_before_share":"","sfsi_plus_gutenberg_icon_type":"","sfsi_plus_gutenberg_icon_alignemt":"","sfsi_plus_gutenburg_max_per_row":"","footnotes":""},"categories":[2],"tags":[],"class_list":["post-112009","post","type-post","status-publish","format-standard","has-post-thumbnail","hentry","category-geral"],"_links":{"self":[{"href":"https:\/\/www.caririemacao.com\/1\/wp-json\/wp\/v2\/posts\/112009","targetHints":{"allow":["GET"]}}],"collection":[{"href":"https:\/\/www.caririemacao.com\/1\/wp-json\/wp\/v2\/posts"}],"about":[{"href":"https:\/\/www.caririemacao.com\/1\/wp-json\/wp\/v2\/types\/post"}],"author":[{"embeddable":true,"href":"https:\/\/www.caririemacao.com\/1\/wp-json\/wp\/v2\/users\/1"}],"replies":[{"embeddable":true,"href":"https:\/\/www.caririemacao.com\/1\/wp-json\/wp\/v2\/comments?post=112009"}],"version-history":[{"count":1,"href":"https:\/\/www.caririemacao.com\/1\/wp-json\/wp\/v2\/posts\/112009\/revisions"}],"predecessor-version":[{"id":112011,"href":"https:\/\/www.caririemacao.com\/1\/wp-json\/wp\/v2\/posts\/112009\/revisions\/112011"}],"wp:featuredmedia":[{"embeddable":true,"href":"https:\/\/www.caririemacao.com\/1\/wp-json\/wp\/v2\/media\/106330"}],"wp:attachment":[{"href":"https:\/\/www.caririemacao.com\/1\/wp-json\/wp\/v2\/media?parent=112009"}],"wp:term":[{"taxonomy":"category","embeddable":true,"href":"https:\/\/www.caririemacao.com\/1\/wp-json\/wp\/v2\/categories?post=112009"},{"taxonomy":"post_tag","embeddable":true,"href":"https:\/\/www.caririemacao.com\/1\/wp-json\/wp\/v2\/tags?post=112009"}],"curies":[{"name":"wp","href":"https:\/\/api.w.org\/{rel}","templated":true}]}}