{"id":112014,"date":"2019-08-26T15:16:07","date_gmt":"2019-08-26T18:16:07","guid":{"rendered":"http:\/\/www.caririemacao.com\/1\/?p=112014"},"modified":"2019-08-26T15:16:07","modified_gmt":"2019-08-26T18:16:07","slug":"ibge-inicia-hoje-mais-completa-pesquisa-sobre-saude-da-america-latina","status":"publish","type":"post","link":"https:\/\/www.caririemacao.com\/1\/2019\/08\/26\/ibge-inicia-hoje-mais-completa-pesquisa-sobre-saude-da-america-latina\/","title":{"rendered":"IBGE inicia hoje mais completa pesquisa sobre sa\u00fade da Am\u00e9rica Latina"},"content":{"rendered":"\n<p>O Instituto Brasileiro de Geografia e Estat\u00edstica (IBGE) come\u00e7ou hoje (26) a coleta de dados da Pesquisa Nacional de Sa\u00fade 2019 (PNS). Ao todo, 1.200 entrevistadores visitar\u00e3o 108,5 mil domic\u00edlios de 2.167 munic\u00edpios de todo o pa\u00eds.<br>\u00c9 o segundo levantamento da PNS, feita pela primeira vez em 2013, em parceria com o Minist\u00e9rio da Sa\u00fade. Nos anos de 1998, 2003 e 2008, o IBGE incluiu um suplemento de sa\u00fade na Pesquisa Nacional por Amostra de Domic\u00edlio (Pnad). A expectativa \u00e9 que a PNS seja feita a cada cinco anos.Segundo o IBGE, esta \u00e9 a maior e mais completa pesquisa sobre sa\u00fade j\u00e1 feita na Am\u00e9rica Latina. A gerente da PNS, Maria L\u00facia Vieira, disse que o objetivo \u00e9 retratar a situa\u00e7\u00e3o da sa\u00fade do pa\u00eds, al\u00e9m de levantar indicadores para o acompanhamento de pol\u00edticas p\u00fablicas para avalia\u00e7\u00e3o de programas existentes e implanta\u00e7\u00e3o de novos.\u201cEla traz uma infinidade de informa\u00e7\u00f5es e de indicadores voltados para a \u00e1rea de sa\u00fade. Indicadores sobre a procura de atendimento por uma pessoa, se tem esse atendimento, como est\u00e1 a quest\u00e3o de doen\u00e7as cr\u00f4nicas, que s\u00e3o uma das maiores causas de morte no pa\u00eds. A quest\u00e3o dos acidentes com a Lei Seca, que \u00e9 uma pol\u00edtica que foi implementada: a gente pergunta se a pessoa dirige depois de consumir \u00e1lcool\u201d, acrescentou Maria L\u00facia.Entre as novidades da PNS este ano est\u00e3o a inclus\u00e3o de perguntas sobre viol\u00eancia sexual, f\u00edsica e psicol\u00f3gica; um question\u00e1rio sobre atividade sexual, que s\u00f3 ser\u00e1 feito para maiores de 18 anos; um m\u00f3dulo sobre o pr\u00e9-natal do pai, para saber se ele participou dos exames ou se sabia que poderia acompanhar; e perguntas sobre as condi\u00e7\u00f5es e rela\u00e7\u00f5es de trabalho.\u201cA pesquisa \u00e9 feita a cada cinco anos. Ent\u00e3o, n\u00e3o \u00e9 t\u00e3o r\u00e1pida. A preval\u00eancia de tabagismo precisa ser acompanhada para ver se diminuiu, porque tem uma pol\u00edtica de controle do tabagismo. Doen\u00e7as cr\u00f4nicas tamb\u00e9m, \u00e9 muito dif\u00edcil conseguir esses dados em registros administrativos. Viol\u00eancia, que muitas vezes n\u00e3o tem registro na pol\u00edcia. A depress\u00e3o, vamos fazer uma escala, mesmo que a pessoa n\u00e3o tenha o diagn\u00f3stico, ela pode ter os sintomas\u201d, disse a gerente da pesquisa.Uma subamostra de 5.575 domic\u00edlios tamb\u00e9m ser\u00e1 selecionada para fazer a antropometria, ou seja, medi\u00e7\u00e3o de peso e altura. Maria L\u00facia ressaltou que, apesar de a pesquisa trabalhar com amostra, a sele\u00e7\u00e3o por crit\u00e9rios estat\u00edsticos permite que os dados sejam representativos de todo o pa\u00eds.Os moradores dos domic\u00edlios selecionados para participar da PNS ser\u00e3o informados com anteced\u00eancia por meio de uma carta enviada pelo IBGE e poder\u00e3o entrar em contato com o instituto para verificar a veracidade da pesquisa e a identidade do entrevistador. \u201cPedimos muito a colabora\u00e7\u00e3o da popula\u00e7\u00e3o, porque a popula\u00e7\u00e3o \u00e9 que nos d\u00e1 o maior insumo. Sem a colabora\u00e7\u00e3o da popula\u00e7\u00e3o, fornecendo as informa\u00e7\u00f5es, n\u00e3o conseguimos fazer o nosso papel, que \u00e9 retratar o pa\u00eds, e dar todas essas informa\u00e7\u00f5es important\u00edssimas na \u00e1rea de sa\u00fade\u201d, afirmou Maria L\u00facia.<br>Pol\u00edticasConhecer a realidade da sa\u00fade da popula\u00e7\u00e3o \u00e9 o primeiro passo para elaborar pol\u00edticas para a \u00e1rea, disse o diretor de An\u00e1lise em Sa\u00fade do Minist\u00e9rio da Sa\u00fade, Eduardo Mac\u00e1rio. \u201cA Pesquisa Nacional da Sa\u00fade vai fazer um levantamento profundo sobre toda a situa\u00e7\u00e3o de sa\u00fade da popula\u00e7\u00e3o, inclusive identificando o acesso dos brasileiros aos servi\u00e7os de sa\u00fade. Com isso, al\u00e9m de avaliar o estado atual de sa\u00fade da popula\u00e7\u00e3o, conseguiremos planejar pelo menos os pr\u00f3ximos 10 anos das a\u00e7\u00f5es do Minist\u00e9rio da Sa\u00fade, junto com estados e munic\u00edpios.\u201dA coleta de dados vai at\u00e9 fevereiro de 2020 e os primeiros resultados devem ser divulgados em 2021. As informa\u00e7\u00f5es prestadas pela popula\u00e7\u00e3o s\u00e3o sigilosas e s\u00f3 ser\u00e3o computadas para fins estat\u00edsticos.<\/p>\n","protected":false},"excerpt":{"rendered":"<p>O Instituto Brasileiro de Geografia e Estat\u00edstica (IBGE) come\u00e7ou hoje (26) a coleta de dados da Pesquisa Nacional de Sa\u00fade 2019 (PNS). Ao todo, 1.200&hellip; <\/p>\n","protected":false},"author":1,"featured_media":103838,"comment_status":"closed","ping_status":"closed","sticky":false,"template":"","format":"standard","meta":{"sfsi_plus_gutenberg_text_before_share":"","sfsi_plus_gutenberg_show_text_before_share":"","sfsi_plus_gutenberg_icon_type":"","sfsi_plus_gutenberg_icon_alignemt":"","sfsi_plus_gutenburg_max_per_row":"","footnotes":""},"categories":[2],"tags":[],"class_list":["post-112014","post","type-post","status-publish","format-standard","has-post-thumbnail","hentry","category-geral"],"_links":{"self":[{"href":"https:\/\/www.caririemacao.com\/1\/wp-json\/wp\/v2\/posts\/112014","targetHints":{"allow":["GET"]}}],"collection":[{"href":"https:\/\/www.caririemacao.com\/1\/wp-json\/wp\/v2\/posts"}],"about":[{"href":"https:\/\/www.caririemacao.com\/1\/wp-json\/wp\/v2\/types\/post"}],"author":[{"embeddable":true,"href":"https:\/\/www.caririemacao.com\/1\/wp-json\/wp\/v2\/users\/1"}],"replies":[{"embeddable":true,"href":"https:\/\/www.caririemacao.com\/1\/wp-json\/wp\/v2\/comments?post=112014"}],"version-history":[{"count":1,"href":"https:\/\/www.caririemacao.com\/1\/wp-json\/wp\/v2\/posts\/112014\/revisions"}],"predecessor-version":[{"id":112016,"href":"https:\/\/www.caririemacao.com\/1\/wp-json\/wp\/v2\/posts\/112014\/revisions\/112016"}],"wp:featuredmedia":[{"embeddable":true,"href":"https:\/\/www.caririemacao.com\/1\/wp-json\/wp\/v2\/media\/103838"}],"wp:attachment":[{"href":"https:\/\/www.caririemacao.com\/1\/wp-json\/wp\/v2\/media?parent=112014"}],"wp:term":[{"taxonomy":"category","embeddable":true,"href":"https:\/\/www.caririemacao.com\/1\/wp-json\/wp\/v2\/categories?post=112014"},{"taxonomy":"post_tag","embeddable":true,"href":"https:\/\/www.caririemacao.com\/1\/wp-json\/wp\/v2\/tags?post=112014"}],"curies":[{"name":"wp","href":"https:\/\/api.w.org\/{rel}","templated":true}]}}