{"id":112022,"date":"2019-08-27T07:03:14","date_gmt":"2019-08-27T10:03:14","guid":{"rendered":"http:\/\/www.caririemacao.com\/1\/?p=112022"},"modified":"2019-08-27T07:03:14","modified_gmt":"2019-08-27T10:03:14","slug":"saude-confirma-50-casos-suspeitos-de-sarampo-em-17-municipios-da-paraiba","status":"publish","type":"post","link":"https:\/\/www.caririemacao.com\/1\/2019\/08\/27\/saude-confirma-50-casos-suspeitos-de-sarampo-em-17-municipios-da-paraiba\/","title":{"rendered":"Sa\u00fade confirma 50 casos suspeitos de sarampo em 17 munic\u00edpios da Para\u00edba"},"content":{"rendered":"\n<p>ecretaria de Estado da Sa\u00fade (SES) confirmou 50 casos suspeitos de sarampo em 17 munic\u00edpios da Para\u00edba. A confirma\u00e7\u00e3o ocorreu atrav\u00e9s de uma nota t\u00e9cnica emitida pelo \u00f3rg\u00e3o para conscientizar a popula\u00e7\u00e3o para a preven\u00e7\u00e3o, atrav\u00e9s da imuniza\u00e7\u00e3o.&nbsp;<\/p>\n\n\n\n<p><a href=\"https:\/\/www.clickpb.com.br\/media\/filer_public\/9d\/87\/9d87b80c-1bc0-4d21-a10d-8641d084b4d9\/nota_tecnica_02_sarampo_sespb.pdf\">Confira a nota completa<\/a><\/p>\n\n\n\n<p>Dos 50 casos informados, 11 deles tiveram uma primeira&nbsp;amostra reagente e\/ou indeterminada (S1) pelo Laborat\u00f3rio Central de Sa\u00fade P\u00fablica (Lacen-PB) e foram enviadas ao Laborat\u00f3rio da Fiocruz para realiza\u00e7\u00e3o de outros exames e retestagem. J\u00e1 24 casos foram descartados e 15 seguem em investiga\u00e7\u00e3o.<\/p>\n\n\n\n<p>A SES alerta para a doen\u00e7a que \u00e9 infecciosa e contagiosa, que em caso de evolu\u00e7\u00e3o e complica\u00e7\u00e3o o paciente vir a \u00f3bito, principalmente em crian\u00e7as menores de um ano de idade.&nbsp;<\/p>\n\n\n\n<p>A Sa\u00fade intensificou as vacinas, sendo&nbsp;duas doses a partir de 12 meses a 29 anos de idade e uma dose para a popula\u00e7\u00e3o de 30 a 49 anos. No caso de crian\u00e7as de seis meses a 11 meses e 29 dias \u00e9 recomendada a dose zero, por\u00e9m ela n\u00e3o ser\u00e1&nbsp;considerada v\u00e1lida para fins do Calend\u00e1rio Nacional de Vacina\u00e7\u00e3o, devendo ser agendada a partir dos 12 meses com a vacina tr\u00edplice viral e aos 15 meses com a tetraviral ou a tr\u00edplice viral mais varicela. O Minist\u00e9rio tamb\u00e9m recomenda o bloqueio vacinal seletivo em at\u00e9 72 horas em todos os contatos do caso suspeito.<\/p>\n\n\n\n<p>At\u00e9 julho, dos 223 munic\u00edpios, 123 apresentam coberturas adequadas conforme recomenda\u00e7\u00e3o do Programa Nacional de Imuniza\u00e7\u00e3o (PNI).&nbsp;<\/p>\n\n\n\n<p>O secret\u00e1rio da Sa\u00fade, Geraldo Medeiros, pontua que a Para\u00edba ainda n\u00e3o apresentou casos confirmados da doen\u00e7a, por\u00e9m \u00e9 preciso estar atento para a atualiza\u00e7\u00e3o das cadernetas de vacina\u00e7\u00e3o.&nbsp;<\/p>\n","protected":false},"excerpt":{"rendered":"<p>ecretaria de Estado da Sa\u00fade (SES) confirmou 50 casos suspeitos de sarampo em 17 munic\u00edpios da Para\u00edba. A confirma\u00e7\u00e3o ocorreu atrav\u00e9s de uma nota t\u00e9cnica&hellip; <\/p>\n","protected":false},"author":1,"featured_media":102690,"comment_status":"closed","ping_status":"closed","sticky":false,"template":"","format":"standard","meta":{"sfsi_plus_gutenberg_text_before_share":"","sfsi_plus_gutenberg_show_text_before_share":"","sfsi_plus_gutenberg_icon_type":"","sfsi_plus_gutenberg_icon_alignemt":"","sfsi_plus_gutenburg_max_per_row":"","footnotes":""},"categories":[16],"tags":[],"class_list":["post-112022","post","type-post","status-publish","format-standard","has-post-thumbnail","hentry","category-saude"],"_links":{"self":[{"href":"https:\/\/www.caririemacao.com\/1\/wp-json\/wp\/v2\/posts\/112022","targetHints":{"allow":["GET"]}}],"collection":[{"href":"https:\/\/www.caririemacao.com\/1\/wp-json\/wp\/v2\/posts"}],"about":[{"href":"https:\/\/www.caririemacao.com\/1\/wp-json\/wp\/v2\/types\/post"}],"author":[{"embeddable":true,"href":"https:\/\/www.caririemacao.com\/1\/wp-json\/wp\/v2\/users\/1"}],"replies":[{"embeddable":true,"href":"https:\/\/www.caririemacao.com\/1\/wp-json\/wp\/v2\/comments?post=112022"}],"version-history":[{"count":1,"href":"https:\/\/www.caririemacao.com\/1\/wp-json\/wp\/v2\/posts\/112022\/revisions"}],"predecessor-version":[{"id":112023,"href":"https:\/\/www.caririemacao.com\/1\/wp-json\/wp\/v2\/posts\/112022\/revisions\/112023"}],"wp:featuredmedia":[{"embeddable":true,"href":"https:\/\/www.caririemacao.com\/1\/wp-json\/wp\/v2\/media\/102690"}],"wp:attachment":[{"href":"https:\/\/www.caririemacao.com\/1\/wp-json\/wp\/v2\/media?parent=112022"}],"wp:term":[{"taxonomy":"category","embeddable":true,"href":"https:\/\/www.caririemacao.com\/1\/wp-json\/wp\/v2\/categories?post=112022"},{"taxonomy":"post_tag","embeddable":true,"href":"https:\/\/www.caririemacao.com\/1\/wp-json\/wp\/v2\/tags?post=112022"}],"curies":[{"name":"wp","href":"https:\/\/api.w.org\/{rel}","templated":true}]}}