{"id":112033,"date":"2019-08-27T10:19:35","date_gmt":"2019-08-27T13:19:35","guid":{"rendered":"http:\/\/www.caririemacao.com\/1\/?p=112033"},"modified":"2019-08-27T11:09:15","modified_gmt":"2019-08-27T14:09:15","slug":"so-de-boa-no-mundao-disse-fugitivo-da-cadeia-publica-de-sume-na-rede-social","status":"publish","type":"post","link":"https:\/\/www.caririemacao.com\/1\/2019\/08\/27\/so-de-boa-no-mundao-disse-fugitivo-da-cadeia-publica-de-sume-na-rede-social\/","title":{"rendered":"\u201cS\u00f3 de boa no mund\u00e3o\u201d, disse fugitivo da Cadeia P\u00fablica de Sum\u00e9 na rede social"},"content":{"rendered":"\n<p>Um dos presidi\u00e1rios que conseguiram fugir da Cadeia P\u00fablica de Sum\u00e9 no \u00faltimo domingo, anda leve e solto e repercutindo sua nova vida nas redes sociais.<\/p>\n\n\n\n<p>O fugitivo Hugo Henrique Martins da Silva, vulgo Hulguinho, utilizou a sua rede social no Facebook para publicar uma foto e a legenda escrita pelo fugitivo foi o mais interessante: \u201cS\u00f3 de boa mund\u00e3o\u201d.<\/p>\n\n\n\n<p>Hugo Henrique estava detido na Cadeia P\u00fablica de Sum\u00e9 quando na madrugada do \u00faltimo domingo (25) ele e mais tr\u00eas detentos abriram um buraco em uma das celas e fugiram sem ser notados pela for\u00e7as policiais da unidade prisional.<\/p>\n\n\n\n<p>De Olho no Cariri<\/p>\n","protected":false},"excerpt":{"rendered":"<p>Um dos presidi\u00e1rios que conseguiram fugir da Cadeia P\u00fablica de Sum\u00e9 no \u00faltimo domingo, anda leve e solto e repercutindo sua nova vida nas redes&hellip; <\/p>\n","protected":false},"author":2,"featured_media":112034,"comment_status":"closed","ping_status":"closed","sticky":false,"template":"","format":"standard","meta":{"sfsi_plus_gutenberg_text_before_share":"","sfsi_plus_gutenberg_show_text_before_share":"","sfsi_plus_gutenberg_icon_type":"","sfsi_plus_gutenberg_icon_alignemt":"","sfsi_plus_gutenburg_max_per_row":"","footnotes":""},"categories":[50,12],"tags":[],"class_list":["post-112033","post","type-post","status-publish","format-standard","has-post-thumbnail","hentry","category-destaque","category-policia"],"_links":{"self":[{"href":"https:\/\/www.caririemacao.com\/1\/wp-json\/wp\/v2\/posts\/112033","targetHints":{"allow":["GET"]}}],"collection":[{"href":"https:\/\/www.caririemacao.com\/1\/wp-json\/wp\/v2\/posts"}],"about":[{"href":"https:\/\/www.caririemacao.com\/1\/wp-json\/wp\/v2\/types\/post"}],"author":[{"embeddable":true,"href":"https:\/\/www.caririemacao.com\/1\/wp-json\/wp\/v2\/users\/2"}],"replies":[{"embeddable":true,"href":"https:\/\/www.caririemacao.com\/1\/wp-json\/wp\/v2\/comments?post=112033"}],"version-history":[{"count":2,"href":"https:\/\/www.caririemacao.com\/1\/wp-json\/wp\/v2\/posts\/112033\/revisions"}],"predecessor-version":[{"id":112052,"href":"https:\/\/www.caririemacao.com\/1\/wp-json\/wp\/v2\/posts\/112033\/revisions\/112052"}],"wp:featuredmedia":[{"embeddable":true,"href":"https:\/\/www.caririemacao.com\/1\/wp-json\/wp\/v2\/media\/112034"}],"wp:attachment":[{"href":"https:\/\/www.caririemacao.com\/1\/wp-json\/wp\/v2\/media?parent=112033"}],"wp:term":[{"taxonomy":"category","embeddable":true,"href":"https:\/\/www.caririemacao.com\/1\/wp-json\/wp\/v2\/categories?post=112033"},{"taxonomy":"post_tag","embeddable":true,"href":"https:\/\/www.caririemacao.com\/1\/wp-json\/wp\/v2\/tags?post=112033"}],"curies":[{"name":"wp","href":"https:\/\/api.w.org\/{rel}","templated":true}]}}