{"id":112041,"date":"2019-08-27T11:01:00","date_gmt":"2019-08-27T14:01:00","guid":{"rendered":"http:\/\/www.caririemacao.com\/1\/?p=112041"},"modified":"2019-08-27T11:01:00","modified_gmt":"2019-08-27T14:01:00","slug":"prefeitura-de-monteiro-inicia-pagamento-dos-servidores-nesta-quarta-feira-28","status":"publish","type":"post","link":"https:\/\/www.caririemacao.com\/1\/2019\/08\/27\/prefeitura-de-monteiro-inicia-pagamento-dos-servidores-nesta-quarta-feira-28\/","title":{"rendered":"Prefeitura de Monteiro inicia pagamento dos servidores nesta quarta-feira (28)"},"content":{"rendered":"\n<figure class=\"wp-block-image\"><img decoding=\"async\" data-src=\"https:\/\/www.portaltvcariri.com.br\/wp-content\/uploads\/2019\/07\/dinheiro3-620x414.jpg\" alt=\"dinheiro3-620\u00d7414\" src=\"data:image\/svg+xml;base64,PHN2ZyB3aWR0aD0iMSIgaGVpZ2h0PSIxIiB4bWxucz0iaHR0cDovL3d3dy53My5vcmcvMjAwMC9zdmciPjwvc3ZnPg==\" class=\"lazyload\" style=\"--smush-placeholder-width: 620px; --smush-placeholder-aspect-ratio: 620\/414;\" \/><\/figure>\n\n\n\n<p>A Prefeitura Municipal de Monteiro j\u00e1 est\u00e1 realizando os \u00faltimos procedimentos para a libera\u00e7\u00e3o dos recursos destinados ao pagamento dos sal\u00e1rios dos servidores municipais referente ao m\u00eas de agosto.<ins><\/ins><\/p>\n\n\n\n<p>Nesta quarta-feira, 28, recebem os aposentados, pensionistas e inativos, na quinta-feira dia 29, ser\u00e3o liberados os recursos dos servidores lotados na Secretaria de Educa\u00e7\u00e3o e na sexta-feira, dia 30 podem sacar os vencimentos os demais servidores municipais.<\/p>\n\n\n\n<p>Desde o ano de 2018 a folha salarial dos servidores municipais vem sendo paga em tr\u00eas dias, com o intuito de evitar um maior volume de recursos em caixa, uma vez que al\u00e9m da Prefeitura de Monteiro, outros munic\u00edpios e o Governo do Estado pagam suas folhas salariais.<\/p>\n\n\n\n<p>A comodidade em evitar longas filas e diminuir o risco de assaltos \u00e0 ag\u00eancia banc\u00e1ria tamb\u00e9m s\u00e3o preocupa\u00e7\u00f5es tanto da Prefeitura de Monteiro quanto do pr\u00f3prio Bradesco, em rela\u00e7\u00e3o aos clientes que podem realizar seus saques nas duas ag\u00eancias localizadas no centro da cidade<\/p>\n","protected":false},"excerpt":{"rendered":"<p>A Prefeitura Municipal de Monteiro j\u00e1 est\u00e1 realizando os \u00faltimos procedimentos para a libera\u00e7\u00e3o dos recursos destinados ao pagamento dos sal\u00e1rios dos servidores municipais referente&hellip; <\/p>\n","protected":false},"author":1,"featured_media":109814,"comment_status":"closed","ping_status":"closed","sticky":false,"template":"","format":"standard","meta":{"sfsi_plus_gutenberg_text_before_share":"","sfsi_plus_gutenberg_show_text_before_share":"","sfsi_plus_gutenberg_icon_type":"","sfsi_plus_gutenberg_icon_alignemt":"","sfsi_plus_gutenburg_max_per_row":"","footnotes":""},"categories":[2],"tags":[],"class_list":["post-112041","post","type-post","status-publish","format-standard","has-post-thumbnail","hentry","category-geral"],"_links":{"self":[{"href":"https:\/\/www.caririemacao.com\/1\/wp-json\/wp\/v2\/posts\/112041","targetHints":{"allow":["GET"]}}],"collection":[{"href":"https:\/\/www.caririemacao.com\/1\/wp-json\/wp\/v2\/posts"}],"about":[{"href":"https:\/\/www.caririemacao.com\/1\/wp-json\/wp\/v2\/types\/post"}],"author":[{"embeddable":true,"href":"https:\/\/www.caririemacao.com\/1\/wp-json\/wp\/v2\/users\/1"}],"replies":[{"embeddable":true,"href":"https:\/\/www.caririemacao.com\/1\/wp-json\/wp\/v2\/comments?post=112041"}],"version-history":[{"count":1,"href":"https:\/\/www.caririemacao.com\/1\/wp-json\/wp\/v2\/posts\/112041\/revisions"}],"predecessor-version":[{"id":112042,"href":"https:\/\/www.caririemacao.com\/1\/wp-json\/wp\/v2\/posts\/112041\/revisions\/112042"}],"wp:featuredmedia":[{"embeddable":true,"href":"https:\/\/www.caririemacao.com\/1\/wp-json\/wp\/v2\/media\/109814"}],"wp:attachment":[{"href":"https:\/\/www.caririemacao.com\/1\/wp-json\/wp\/v2\/media?parent=112041"}],"wp:term":[{"taxonomy":"category","embeddable":true,"href":"https:\/\/www.caririemacao.com\/1\/wp-json\/wp\/v2\/categories?post=112041"},{"taxonomy":"post_tag","embeddable":true,"href":"https:\/\/www.caririemacao.com\/1\/wp-json\/wp\/v2\/tags?post=112041"}],"curies":[{"name":"wp","href":"https:\/\/api.w.org\/{rel}","templated":true}]}}