{"id":112047,"date":"2019-08-27T11:03:47","date_gmt":"2019-08-27T14:03:47","guid":{"rendered":"http:\/\/www.caririemacao.com\/1\/?p=112047"},"modified":"2019-08-27T11:03:47","modified_gmt":"2019-08-27T14:03:47","slug":"umbu-e-palma-forrageira-em-sistemas-agroflorestais-e-tema-de-encontro-de-entidades-em-campina-grande","status":"publish","type":"post","link":"https:\/\/www.caririemacao.com\/1\/2019\/08\/27\/umbu-e-palma-forrageira-em-sistemas-agroflorestais-e-tema-de-encontro-de-entidades-em-campina-grande\/","title":{"rendered":"Umbu e palma forrageira em sistemas agroflorestais \u00e9 tema de encontro de entidades em Campina Grande"},"content":{"rendered":"\n<p>cidade de Campina Grande foi sede de um encontro de representa\u00e7\u00f5es de entidades em evento que aconteceu na \u00faltima quarta-feira, 21 de agosto, e objetivou debater conte\u00fados e estrat\u00e9gias para elabora\u00e7\u00e3o de um projeto que integre a cultura do umbu e palma forrageira aos sistemas agroflorestais na agricultura familiar.<\/p>\n\n\n\n<p>O tema foi evidenciado no Programa Esperan\u00e7a no Campo e Programa Domingo Rural do \u00faltimo final de semana a partir de entrevista com o extensionista e gerente da Empaer regional Campina Grande, Ailton Francisco dos Santos, detalhando o evento que aconteceu na sede do Insa. \u201cQuarta-feira a gente esteve reunido l\u00e1 no Insa com a Prefeitura de Campina Grande, com o Instituto Nacional do Semi\u00e1rido(insa) e a Empaer pra discutir um projeto num sistema agroflorestal com palma forrageira e umbu, foi um evento onde a gente debateu um projeto propriamente dito e tiramos alguns encaminhamentos para o andamento desse projeto\u201d, explica Ailton Santos em contato direto com o p\u00fablico ouvinte Queimadas FM e Serrana de Araruna AM.<\/p>\n\n\n\n<p>Aquele extensionista falou sobre o papel que a prefeitura de Campina Grande exercer\u00e1 para o fortalecimento do projeto j\u00e1 que tradicionalmente tem sido janela para a expans\u00e3o de culturas e economias como sisal, algod\u00e3o dentre outras tecnologias e que o novo secret\u00e1rio da Agricultura de Campina Grande, Renato Gadelha, se comprometeu em intensificar a\u00e7\u00f5es na gest\u00e3o Romero Rodrigues para que o umbu se fortale\u00e7a dentro de projetos sustent\u00e1veis que venham somar com a diversidade e venha fazer parte da culin\u00e1ria em eventos como Maior S\u00e3o Jo\u00e3o do Mundo, Encontro da Nova Consci\u00eancia e Consci\u00eancia Crist\u00e3 dentre outras importantes atividades acontecidas na cidade e regi\u00e3o. \u201cRenato Gadelha \u00e9 um m\u00e9dico entusiasta do umbu e tem um projeto muito bom de continuidade do que o professor F\u00e1bio Agra vinha desenvolvendo, ent\u00e3o F\u00e1bio Agra fez um trabalho magnifico de monitoramento dos umbuzeiros em Campina, ent\u00e3o a Secretaria Municipal de Agricultura hoje tem exatamente quantos p\u00e9s de umbu tem no munic\u00edpio de Campina Grande todo mapeado, georeferenciado num trabalho muito bom que F\u00e1bio fez e Renato est\u00e1 continuando e o objetivo de Renato \u00e9 que a gente possa fazer uma parceria forte entre as institui\u00e7\u00f5es para que a gente possa desenvolver a cultura do umbu\u201d, explica aquele extensionista ao dialogar com nosso p\u00fablico via emissoras parceiras.<\/p>\n\n\n\n<p>Ailton detalhou os encaminhamentos do evento e garante que nova agenda j\u00e1 fica definida para dar continuidade ao conjunto das a\u00e7\u00f5es parceiras. \u201cComo pr\u00f3ximo passo, n\u00f3s vamos agora dar uma melhorada nesse projeto que foi apresentado como projeto piloto, ele foi debatido durante um per\u00edodo de mais de duas horas onde surgiram v\u00e1rias ideias, a gente vai finalizar, acrescentar as ideias das demais institui\u00e7\u00f5es, o que o Insa prop\u00f5e, o que a prefeitura tamb\u00e9m, o que n\u00f3s da Empaer com nossas opini\u00f5es, ent\u00e3o n\u00f3s vamos pegar todas essas opini\u00f5es, todos os ajustes no projeto, vamos dar uma melhorada nesse projeto e num per\u00edodo de duas a tr\u00eas semanas n\u00f3s vamos marcar um evento no Insa para fazer a assinatura do termo de parceria t\u00e9cnica\u201d, explica aquele extensionista.<\/p>\n","protected":false},"excerpt":{"rendered":"<p>cidade de Campina Grande foi sede de um encontro de representa\u00e7\u00f5es de entidades em evento que aconteceu na \u00faltima quarta-feira, 21 de agosto, e objetivou&hellip; <\/p>\n","protected":false},"author":1,"featured_media":112048,"comment_status":"closed","ping_status":"closed","sticky":false,"template":"","format":"standard","meta":{"sfsi_plus_gutenberg_text_before_share":"","sfsi_plus_gutenberg_show_text_before_share":"","sfsi_plus_gutenberg_icon_type":"","sfsi_plus_gutenberg_icon_alignemt":"","sfsi_plus_gutenburg_max_per_row":"","footnotes":""},"categories":[2],"tags":[],"class_list":["post-112047","post","type-post","status-publish","format-standard","has-post-thumbnail","hentry","category-geral"],"_links":{"self":[{"href":"https:\/\/www.caririemacao.com\/1\/wp-json\/wp\/v2\/posts\/112047","targetHints":{"allow":["GET"]}}],"collection":[{"href":"https:\/\/www.caririemacao.com\/1\/wp-json\/wp\/v2\/posts"}],"about":[{"href":"https:\/\/www.caririemacao.com\/1\/wp-json\/wp\/v2\/types\/post"}],"author":[{"embeddable":true,"href":"https:\/\/www.caririemacao.com\/1\/wp-json\/wp\/v2\/users\/1"}],"replies":[{"embeddable":true,"href":"https:\/\/www.caririemacao.com\/1\/wp-json\/wp\/v2\/comments?post=112047"}],"version-history":[{"count":1,"href":"https:\/\/www.caririemacao.com\/1\/wp-json\/wp\/v2\/posts\/112047\/revisions"}],"predecessor-version":[{"id":112049,"href":"https:\/\/www.caririemacao.com\/1\/wp-json\/wp\/v2\/posts\/112047\/revisions\/112049"}],"wp:featuredmedia":[{"embeddable":true,"href":"https:\/\/www.caririemacao.com\/1\/wp-json\/wp\/v2\/media\/112048"}],"wp:attachment":[{"href":"https:\/\/www.caririemacao.com\/1\/wp-json\/wp\/v2\/media?parent=112047"}],"wp:term":[{"taxonomy":"category","embeddable":true,"href":"https:\/\/www.caririemacao.com\/1\/wp-json\/wp\/v2\/categories?post=112047"},{"taxonomy":"post_tag","embeddable":true,"href":"https:\/\/www.caririemacao.com\/1\/wp-json\/wp\/v2\/tags?post=112047"}],"curies":[{"name":"wp","href":"https:\/\/api.w.org\/{rel}","templated":true}]}}