{"id":112051,"date":"2019-08-27T11:53:46","date_gmt":"2019-08-27T14:53:46","guid":{"rendered":"http:\/\/www.caririemacao.com\/1\/?p=112051"},"modified":"2019-08-27T11:53:46","modified_gmt":"2019-08-27T14:53:46","slug":"sume-encerra-ciclo-2019-do-orcamento-democratico-municipal-e-empossa-conselheiros","status":"publish","type":"post","link":"https:\/\/www.caririemacao.com\/1\/2019\/08\/27\/sume-encerra-ciclo-2019-do-orcamento-democratico-municipal-e-empossa-conselheiros\/","title":{"rendered":"Sum\u00e9 encerra Ciclo 2019 do Or\u00e7amento Democr\u00e1tico Municipal e empossa conselheiros"},"content":{"rendered":"\n<p>O prefeito de Sum\u00e9, \u00c9den Duarte participou na tarde de s\u00e1bado (24), no s\u00edtio Pitombeira, do encerramento do ciclo de 13 plen\u00e1rias do Or\u00e7amento Democr\u00e1tico Municipal, edi\u00e7\u00e3o 2019. Assim como ocorreu nas demais audi\u00eancias p\u00fablicas regionais, na ocasi\u00e3o, \u00c9den prestou contas de suas a\u00e7\u00f5es no \u00e2mbito municipal e fez tamb\u00e9m a assinatura de contrato para ajuda de custo de manuten\u00e7\u00e3o do sistema de abastecimento d\u2019\u00e1gua do programa \u00e1gua doce que abastece a comunidade.<\/p>\n\n\n\n<p>A \u00faltima audi\u00eancia do ODM contou com a participa\u00e7\u00e3o de moradores da regi\u00e3o de Pitombeira e adjac\u00eancias, presidentes de associa\u00e7\u00f5es comunit\u00e1rias, secret\u00e1rios e servidores municipais, vereadores e o representante do governo do Estado, Jo\u00e3o Alves.<\/p>\n\n\n\n<figure class=\"wp-block-image\"><a href=\"http:\/\/www.sume.pb.gov.br\/2019\/08\/sume-encerra-ciclo-2019-do-orcamento-democratico-municipal-e-empossa-conselheiros\/68812112_1334708560025066_5372451088781803520_n\/\"><img decoding=\"async\" data-src=\"http:\/\/www.sume.pb.gov.br\/wp-content\/uploads\/2019\/08\/68812112_1334708560025066_5372451088781803520_n-300x199.jpg\" alt=\"\" src=\"data:image\/svg+xml;base64,PHN2ZyB3aWR0aD0iMSIgaGVpZ2h0PSIxIiB4bWxucz0iaHR0cDovL3d3dy53My5vcmcvMjAwMC9zdmciPjwvc3ZnPg==\" class=\"lazyload\" style=\"--smush-placeholder-width: 300px; --smush-placeholder-aspect-ratio: 300\/199;\" \/><\/a><\/figure>\n\n\n\n<figure class=\"wp-block-image\"><a href=\"http:\/\/www.sume.pb.gov.br\/2019\/08\/sume-encerra-ciclo-2019-do-orcamento-democratico-municipal-e-empossa-conselheiros\/69358275_1334708883358367_6560053367677124608_n\/\"><img decoding=\"async\" data-src=\"http:\/\/www.sume.pb.gov.br\/wp-content\/uploads\/2019\/08\/69358275_1334708883358367_6560053367677124608_n-300x199.jpg\" alt=\"\" src=\"data:image\/svg+xml;base64,PHN2ZyB3aWR0aD0iMSIgaGVpZ2h0PSIxIiB4bWxucz0iaHR0cDovL3d3dy53My5vcmcvMjAwMC9zdmciPjwvc3ZnPg==\" class=\"lazyload\" style=\"--smush-placeholder-width: 300px; --smush-placeholder-aspect-ratio: 300\/199;\" \/><\/a><\/figure>\n\n\n\n<figure class=\"wp-block-image\"><a href=\"http:\/\/www.sume.pb.gov.br\/2019\/08\/sume-encerra-ciclo-2019-do-orcamento-democratico-municipal-e-empossa-conselheiros\/69516539_1334706953358560_5023969541307236352_n\/\"><img decoding=\"async\" data-src=\"http:\/\/www.sume.pb.gov.br\/wp-content\/uploads\/2019\/08\/69516539_1334706953358560_5023969541307236352_n-300x200.jpg\" alt=\"\" src=\"data:image\/svg+xml;base64,PHN2ZyB3aWR0aD0iMSIgaGVpZ2h0PSIxIiB4bWxucz0iaHR0cDovL3d3dy53My5vcmcvMjAwMC9zdmciPjwvc3ZnPg==\" class=\"lazyload\" style=\"--smush-placeholder-width: 300px; --smush-placeholder-aspect-ratio: 300\/200;\" \/><\/a><\/figure>\n\n\n\n<p>As Plen\u00e1rias do Or\u00e7amento Democr\u00e1tico Municipal tiveram in\u00edcio no m\u00eas de julho, sendo realizadas em 13 regi\u00f5es do munic\u00edpio com a participa\u00e7\u00e3o de mais de 1.319 pessoas. Por meio dessas audi\u00eancias p\u00fablicas, a popula\u00e7\u00e3o presente pode elencar quais a\u00e7\u00f5es, obras ou servi\u00e7os gostariam que fossem melhorados ou implantados em suas respectivas comunidades. Cerca de 3.957 demandas nesse sentido foram sistematizadas e ser\u00e3o priorizadas junto ao or\u00e7amento do pr\u00f3ximo ano.<\/p>\n\n\n\n<p>A institucionaliza\u00e7\u00e3o do ODM requer do governante muita coragem, ousadia e senso de responsabilidade, disse \u00c9den. Segundo ele, atrav\u00e9s dessa ferramenta de gest\u00e3o, a popula\u00e7\u00e3o tem a oportunidade de apontar onde melhor podem ser aplicados os recursos p\u00fablicos de acordo com o or\u00e7amento do munic\u00edpio. \u00c9den encerrou sua participa\u00e7\u00e3o agradecendo a todos que se empenharam para a concretiza\u00e7\u00e3o do projeto.<\/p>\n\n\n\n<figure class=\"wp-block-image\"><a href=\"http:\/\/www.sume.pb.gov.br\/wp-content\/uploads\/2019\/08\/IMG_5798.jpg\"><img decoding=\"async\" data-src=\"http:\/\/www.sume.pb.gov.br\/wp-content\/uploads\/2019\/08\/IMG_5798-300x200.jpg\" alt=\"\" src=\"data:image\/svg+xml;base64,PHN2ZyB3aWR0aD0iMSIgaGVpZ2h0PSIxIiB4bWxucz0iaHR0cDovL3d3dy53My5vcmcvMjAwMC9zdmciPjwvc3ZnPg==\" class=\"lazyload\" style=\"--smush-placeholder-width: 300px; --smush-placeholder-aspect-ratio: 300\/200;\" \/><\/a><\/figure>\n\n\n\n<figure class=\"wp-block-image\"><a href=\"http:\/\/www.sume.pb.gov.br\/wp-content\/uploads\/2019\/08\/IMG_5877.jpg\"><img decoding=\"async\" data-src=\"http:\/\/www.sume.pb.gov.br\/wp-content\/uploads\/2019\/08\/IMG_5877-300x200.jpg\" alt=\"\" src=\"data:image\/svg+xml;base64,PHN2ZyB3aWR0aD0iMSIgaGVpZ2h0PSIxIiB4bWxucz0iaHR0cDovL3d3dy53My5vcmcvMjAwMC9zdmciPjwvc3ZnPg==\" class=\"lazyload\" style=\"--smush-placeholder-width: 300px; --smush-placeholder-aspect-ratio: 300\/200;\" \/><\/a><\/figure>\n\n\n\n<figure class=\"wp-block-image\"><a href=\"http:\/\/www.sume.pb.gov.br\/wp-content\/uploads\/2019\/08\/IMG_5915.jpg\"><img decoding=\"async\" data-src=\"http:\/\/www.sume.pb.gov.br\/wp-content\/uploads\/2019\/08\/IMG_5915-300x200.jpg\" alt=\"\" src=\"data:image\/svg+xml;base64,PHN2ZyB3aWR0aD0iMSIgaGVpZ2h0PSIxIiB4bWxucz0iaHR0cDovL3d3dy53My5vcmcvMjAwMC9zdmciPjwvc3ZnPg==\" class=\"lazyload\" style=\"--smush-placeholder-width: 300px; --smush-placeholder-aspect-ratio: 300\/200;\" \/><\/a><\/figure>\n\n\n\n<p>Para fechar o Ciclo 2019, uma solenidade foi realizada para empossar os 28 conselheiros titulares e 22 suplentes eleitos nas 13 plen\u00e1rias do ODM. O evento aconteceu no Gin\u00e1sio de Esportes Municipal nesta segunda-feira (26). Em seguida os conselheiros se reuniram para escolher as demandas priorit\u00e1rias que ser\u00e3o apresentadas ao Poder Executivo para a elabora\u00e7\u00e3o do Or\u00e7amento de 2020, sendo as principais votadas pela popula\u00e7\u00e3o: sa\u00fade, estradas e rodagens e infraestrutura. Dentro desses eixos, os conselheiros votaram quais as regi\u00f5es que devem ser inicialmente atendidas.<\/p>\n\n\n\n<p>Ascom<\/p>\n","protected":false},"excerpt":{"rendered":"<p>O prefeito de Sum\u00e9, \u00c9den Duarte participou na tarde de s\u00e1bado (24), no s\u00edtio Pitombeira, do encerramento do ciclo de 13 plen\u00e1rias do Or\u00e7amento Democr\u00e1tico&hellip; <\/p>\n","protected":false},"author":1,"featured_media":112053,"comment_status":"closed","ping_status":"closed","sticky":false,"template":"","format":"standard","meta":{"sfsi_plus_gutenberg_text_before_share":"","sfsi_plus_gutenberg_show_text_before_share":"","sfsi_plus_gutenberg_icon_type":"","sfsi_plus_gutenberg_icon_alignemt":"","sfsi_plus_gutenburg_max_per_row":"","footnotes":""},"categories":[6,50],"tags":[],"class_list":["post-112051","post","type-post","status-publish","format-standard","has-post-thumbnail","hentry","category-cidades","category-destaque"],"_links":{"self":[{"href":"https:\/\/www.caririemacao.com\/1\/wp-json\/wp\/v2\/posts\/112051","targetHints":{"allow":["GET"]}}],"collection":[{"href":"https:\/\/www.caririemacao.com\/1\/wp-json\/wp\/v2\/posts"}],"about":[{"href":"https:\/\/www.caririemacao.com\/1\/wp-json\/wp\/v2\/types\/post"}],"author":[{"embeddable":true,"href":"https:\/\/www.caririemacao.com\/1\/wp-json\/wp\/v2\/users\/1"}],"replies":[{"embeddable":true,"href":"https:\/\/www.caririemacao.com\/1\/wp-json\/wp\/v2\/comments?post=112051"}],"version-history":[{"count":1,"href":"https:\/\/www.caririemacao.com\/1\/wp-json\/wp\/v2\/posts\/112051\/revisions"}],"predecessor-version":[{"id":112054,"href":"https:\/\/www.caririemacao.com\/1\/wp-json\/wp\/v2\/posts\/112051\/revisions\/112054"}],"wp:featuredmedia":[{"embeddable":true,"href":"https:\/\/www.caririemacao.com\/1\/wp-json\/wp\/v2\/media\/112053"}],"wp:attachment":[{"href":"https:\/\/www.caririemacao.com\/1\/wp-json\/wp\/v2\/media?parent=112051"}],"wp:term":[{"taxonomy":"category","embeddable":true,"href":"https:\/\/www.caririemacao.com\/1\/wp-json\/wp\/v2\/categories?post=112051"},{"taxonomy":"post_tag","embeddable":true,"href":"https:\/\/www.caririemacao.com\/1\/wp-json\/wp\/v2\/tags?post=112051"}],"curies":[{"name":"wp","href":"https:\/\/api.w.org\/{rel}","templated":true}]}}