{"id":112062,"date":"2019-08-27T12:01:17","date_gmt":"2019-08-27T15:01:17","guid":{"rendered":"http:\/\/www.caririemacao.com\/1\/?p=112062"},"modified":"2019-08-27T12:01:17","modified_gmt":"2019-08-27T15:01:17","slug":"prefeito-e-servidores-de-sao-sebastiao-do-umbuzeiro-participam-do-2o-seminario-de-controle-interno-na-administracao-publica","status":"publish","type":"post","link":"https:\/\/www.caririemacao.com\/1\/2019\/08\/27\/prefeito-e-servidores-de-sao-sebastiao-do-umbuzeiro-participam-do-2o-seminario-de-controle-interno-na-administracao-publica\/","title":{"rendered":"Prefeito e servidores de S\u00e3o Sebasti\u00e3o do Umbuzeiro participam do 2\u00ba Semin\u00e1rio de Controle Interno na Administra\u00e7\u00e3o P\u00fablica"},"content":{"rendered":"\n<p>O Prefeito de S\u00e3o Sebasti\u00e3o do Umbuzeiro, Adriano Wolff, acompanhado de servidores da administra\u00e7\u00e3o municipal, participaram nesta sexta-feira (23), do 2\u00ba Semin\u00e1rio de Controle Interno na Administra\u00e7\u00e3o P\u00fablica, realizado pelo Tribunal de Contas do Estado e Focco-PB, em Jo\u00e3o Pessoa.<br>O objetivo do semin\u00e1rio foi despertar nos gestores e assessores que atuam direta e indiretamente nas controladorias e nas \u00e1reas de gest\u00e3o fiscal, or\u00e7ament\u00e1ria, financeira, cont\u00e1bil, para a import\u00e2ncia do controle interno e treinar t\u00e9cnicos para o aprimoramento do trabalho. Durante o evento, foram apresentados os resultados de um ano de trabalho do grupo de trabalho com depoimentos dos gestores e t\u00e9cnicos dos munic\u00edpios que j\u00e1 assinaram o Pacto para o Aperfei\u00e7oamento do Controle Interno e implementaram medidas efetivas de aprimoramento das a\u00e7\u00f5es praticadas.<br>Na oportunidade, o Prefeito Adriano manteve contato com o Auditor do TCE, Andr\u00e9 Angra, onde tratou sobre ideias para melhorar o portal da transpar\u00eancia do munic\u00edpio.<br>&#8220;Nossos \u00edndices est\u00e3o melhorando a cada dia, mas vamos buscar avan\u00e7ar ainda mais&#8221;, disse o prefeito.<br>Na \u00faltima quarta-feira (21), Adriano Wolff participou do Semin\u00e1rio Sobre o Controle Interno nos Munic\u00edpios, organizado pela Famup, em Jo\u00e3o Pessoa.<br><strong>COM CARIRIDAGENTE<\/strong><\/p>\n","protected":false},"excerpt":{"rendered":"<p>O Prefeito de S\u00e3o Sebasti\u00e3o do Umbuzeiro, Adriano Wolff, acompanhado de servidores da administra\u00e7\u00e3o municipal, participaram nesta sexta-feira (23), do 2\u00ba Semin\u00e1rio de Controle Interno&hellip; <\/p>\n","protected":false},"author":1,"featured_media":112063,"comment_status":"closed","ping_status":"closed","sticky":false,"template":"","format":"standard","meta":{"sfsi_plus_gutenberg_text_before_share":"","sfsi_plus_gutenberg_show_text_before_share":"","sfsi_plus_gutenberg_icon_type":"","sfsi_plus_gutenberg_icon_alignemt":"","sfsi_plus_gutenburg_max_per_row":"","footnotes":""},"categories":[6],"tags":[],"class_list":["post-112062","post","type-post","status-publish","format-standard","has-post-thumbnail","hentry","category-cidades"],"_links":{"self":[{"href":"https:\/\/www.caririemacao.com\/1\/wp-json\/wp\/v2\/posts\/112062","targetHints":{"allow":["GET"]}}],"collection":[{"href":"https:\/\/www.caririemacao.com\/1\/wp-json\/wp\/v2\/posts"}],"about":[{"href":"https:\/\/www.caririemacao.com\/1\/wp-json\/wp\/v2\/types\/post"}],"author":[{"embeddable":true,"href":"https:\/\/www.caririemacao.com\/1\/wp-json\/wp\/v2\/users\/1"}],"replies":[{"embeddable":true,"href":"https:\/\/www.caririemacao.com\/1\/wp-json\/wp\/v2\/comments?post=112062"}],"version-history":[{"count":1,"href":"https:\/\/www.caririemacao.com\/1\/wp-json\/wp\/v2\/posts\/112062\/revisions"}],"predecessor-version":[{"id":112064,"href":"https:\/\/www.caririemacao.com\/1\/wp-json\/wp\/v2\/posts\/112062\/revisions\/112064"}],"wp:featuredmedia":[{"embeddable":true,"href":"https:\/\/www.caririemacao.com\/1\/wp-json\/wp\/v2\/media\/112063"}],"wp:attachment":[{"href":"https:\/\/www.caririemacao.com\/1\/wp-json\/wp\/v2\/media?parent=112062"}],"wp:term":[{"taxonomy":"category","embeddable":true,"href":"https:\/\/www.caririemacao.com\/1\/wp-json\/wp\/v2\/categories?post=112062"},{"taxonomy":"post_tag","embeddable":true,"href":"https:\/\/www.caririemacao.com\/1\/wp-json\/wp\/v2\/tags?post=112062"}],"curies":[{"name":"wp","href":"https:\/\/api.w.org\/{rel}","templated":true}]}}