{"id":112067,"date":"2019-08-27T12:03:23","date_gmt":"2019-08-27T15:03:23","guid":{"rendered":"http:\/\/www.caririemacao.com\/1\/?p=112067"},"modified":"2019-08-27T12:03:23","modified_gmt":"2019-08-27T15:03:23","slug":"pavimentacao-de-ruas-em-zabele-segue-em-ritmo-acelerado","status":"publish","type":"post","link":"https:\/\/www.caririemacao.com\/1\/2019\/08\/27\/pavimentacao-de-ruas-em-zabele-segue-em-ritmo-acelerado\/","title":{"rendered":"Pavimenta\u00e7\u00e3o de ruas, em Zabel\u00ea, segue em ritmo acelerado"},"content":{"rendered":"\n<p>O tempo n\u00e3o p\u00e1ra e muito menos as a\u00e7\u00f5es por parte da Prefeitura Municipal de Zabel\u00ea, no Cariri Ocidental da Para\u00edba. Desta vez, os benef\u00edcios s\u00e3o na \u00e1rea da infraestrutura. As interven\u00e7\u00f5es, no setor, est\u00e3o provocando grandes mudan\u00e7as na paisagem da cidade e na estima dos seus mun\u00edcipes. A proposta da gest\u00e3o \u00e9 realizar os servi\u00e7os o mais r\u00e1pido que for poss\u00edvel e a prova de tudo isto \u00e9 que dez ruas j\u00e1 receberam a aten\u00e7\u00e3o do poder p\u00fablico municipal.<br>Com esse trabalho, a administra\u00e7\u00e3o p\u00fablica de Zabel\u00ea coloca em pr\u00e1tica mais um compromisso firmado com a popula\u00e7\u00e3o que \u00e9 de oportunizar mais conforto e bem estar a todos que moram na cidade. A meta do executivo zabeleense \u00e9 pavimentar todas as ruas por entender que ao adotar esse tipo de pol\u00edtica n\u00e3o estar fazendo apenas a pavimenta\u00e7\u00e3o f\u00edsica e, sim, a pavimenta\u00e7\u00e3o de sonhos de um povo que acreditou e continua a acreditar no projeto implementado pela administra\u00e7\u00e3o municipal desde o seu in\u00edcio.<br>O prefeito Dalyson Neves (PSDB) destaca que as medidas al\u00e9m de causarem bem estar, conforto e um visual bonito, t\u00eam um impacto significativo, tamb\u00e9m, na economia local com os empregos gerados com a execu\u00e7\u00e3o das obras.<\/p>\n","protected":false},"excerpt":{"rendered":"<p>O tempo n\u00e3o p\u00e1ra e muito menos as a\u00e7\u00f5es por parte da Prefeitura Municipal de Zabel\u00ea, no Cariri Ocidental da Para\u00edba. Desta vez, os benef\u00edcios&hellip; <\/p>\n","protected":false},"author":1,"featured_media":112068,"comment_status":"closed","ping_status":"closed","sticky":false,"template":"","format":"standard","meta":{"sfsi_plus_gutenberg_text_before_share":"","sfsi_plus_gutenberg_show_text_before_share":"","sfsi_plus_gutenberg_icon_type":"","sfsi_plus_gutenberg_icon_alignemt":"","sfsi_plus_gutenburg_max_per_row":"","footnotes":""},"categories":[2],"tags":[],"class_list":["post-112067","post","type-post","status-publish","format-standard","has-post-thumbnail","hentry","category-geral"],"_links":{"self":[{"href":"https:\/\/www.caririemacao.com\/1\/wp-json\/wp\/v2\/posts\/112067","targetHints":{"allow":["GET"]}}],"collection":[{"href":"https:\/\/www.caririemacao.com\/1\/wp-json\/wp\/v2\/posts"}],"about":[{"href":"https:\/\/www.caririemacao.com\/1\/wp-json\/wp\/v2\/types\/post"}],"author":[{"embeddable":true,"href":"https:\/\/www.caririemacao.com\/1\/wp-json\/wp\/v2\/users\/1"}],"replies":[{"embeddable":true,"href":"https:\/\/www.caririemacao.com\/1\/wp-json\/wp\/v2\/comments?post=112067"}],"version-history":[{"count":1,"href":"https:\/\/www.caririemacao.com\/1\/wp-json\/wp\/v2\/posts\/112067\/revisions"}],"predecessor-version":[{"id":112069,"href":"https:\/\/www.caririemacao.com\/1\/wp-json\/wp\/v2\/posts\/112067\/revisions\/112069"}],"wp:featuredmedia":[{"embeddable":true,"href":"https:\/\/www.caririemacao.com\/1\/wp-json\/wp\/v2\/media\/112068"}],"wp:attachment":[{"href":"https:\/\/www.caririemacao.com\/1\/wp-json\/wp\/v2\/media?parent=112067"}],"wp:term":[{"taxonomy":"category","embeddable":true,"href":"https:\/\/www.caririemacao.com\/1\/wp-json\/wp\/v2\/categories?post=112067"},{"taxonomy":"post_tag","embeddable":true,"href":"https:\/\/www.caririemacao.com\/1\/wp-json\/wp\/v2\/tags?post=112067"}],"curies":[{"name":"wp","href":"https:\/\/api.w.org\/{rel}","templated":true}]}}