{"id":112071,"date":"2019-08-27T12:05:26","date_gmt":"2019-08-27T15:05:26","guid":{"rendered":"http:\/\/www.caririemacao.com\/1\/?p=112071"},"modified":"2019-08-27T12:05:26","modified_gmt":"2019-08-27T15:05:26","slug":"24-reservatorios-estao-em-situacao-critica-e-acude-de-cidade-do-cariri-esta-totalmente-seco","status":"publish","type":"post","link":"https:\/\/www.caririemacao.com\/1\/2019\/08\/27\/24-reservatorios-estao-em-situacao-critica-e-acude-de-cidade-do-cariri-esta-totalmente-seco\/","title":{"rendered":"24 reservat\u00f3rios est\u00e3o em situa\u00e7\u00e3o cr\u00edtica e A\u00e7ude de cidade do Cariri est\u00e1 totalmente seco"},"content":{"rendered":"\n<p>O per\u00edodo de chuvas se encerra ao final deste m\u00eas de agosto e 24 reservat\u00f3rios est\u00e3o em situa\u00e7\u00e3o cr\u00edtica, conforme dados divulgados pela Ag\u00eancia Executiva de Gest\u00e3o das \u00c1guas do Estado da Para\u00edba (Aesa). Outros 34 a\u00e7udes est\u00e3o em observa\u00e7\u00e3o.<\/p>\n\n\n\n<p>O respons\u00e1vel pela Ger\u00eancia Executiva de Monitoramento e Hidrometria, Alexandre Magno, informou que os pr\u00f3ximos momentos de chuva s\u00f3 devem acontecer entre meados de janeiro e in\u00edcio de fevereiro, o que deixa a situa\u00e7\u00e3o dos reservat\u00f3rios ainda mais em alerta.<\/p>\n\n\n\n<p>Segundo Alexandre, apesar do n\u00famero de barragens em estado cr\u00edtico chegar a 24, at\u00e9 que o per\u00edodo de chuva retorne outras represas podem chegar a esse n\u00edvel, j\u00e1 que 34 a\u00e7udes t\u00eam at\u00e9 19% da capacidade total e j\u00e1 est\u00e3o em observa\u00e7\u00e3o.<\/p>\n\n\n\n<p>Ainda assim, Alexandre explica que nem todos os reservat\u00f3rios afetam a popula\u00e7\u00e3o, pois alguns tem \u00e1gua salobra ou outras condi\u00e7\u00f5es que impedem sua distribui\u00e7\u00e3o para as cidades.<\/p>\n\n\n\n<p>Entre os que est\u00e3o em n\u00edvel cr\u00edtico e totalmente seco, conforme o \u00faltimo levantamento do \u00f3rg\u00e3o, est\u00e1 o a\u00e7ude Caraibeiras, localizado no munic\u00edpio de Picu\u00ed, o a\u00e7ude Curimata\u00fa, que fica na cidade de Barra de Santa Rosa, o de Em\u00eddio, em Montadas e o reservat\u00f3rio Ouro Velho, situado em Ouro Velho, no Cariri da Para\u00edba.<\/p>\n","protected":false},"excerpt":{"rendered":"<p>O per\u00edodo de chuvas se encerra ao final deste m\u00eas de agosto e 24 reservat\u00f3rios est\u00e3o em situa\u00e7\u00e3o cr\u00edtica, conforme dados divulgados pela Ag\u00eancia Executiva&hellip; <\/p>\n","protected":false},"author":1,"featured_media":112072,"comment_status":"closed","ping_status":"closed","sticky":false,"template":"","format":"standard","meta":{"sfsi_plus_gutenberg_text_before_share":"","sfsi_plus_gutenberg_show_text_before_share":"","sfsi_plus_gutenberg_icon_type":"","sfsi_plus_gutenberg_icon_alignemt":"","sfsi_plus_gutenburg_max_per_row":"","footnotes":""},"categories":[6,50],"tags":[],"class_list":["post-112071","post","type-post","status-publish","format-standard","has-post-thumbnail","hentry","category-cidades","category-destaque"],"_links":{"self":[{"href":"https:\/\/www.caririemacao.com\/1\/wp-json\/wp\/v2\/posts\/112071","targetHints":{"allow":["GET"]}}],"collection":[{"href":"https:\/\/www.caririemacao.com\/1\/wp-json\/wp\/v2\/posts"}],"about":[{"href":"https:\/\/www.caririemacao.com\/1\/wp-json\/wp\/v2\/types\/post"}],"author":[{"embeddable":true,"href":"https:\/\/www.caririemacao.com\/1\/wp-json\/wp\/v2\/users\/1"}],"replies":[{"embeddable":true,"href":"https:\/\/www.caririemacao.com\/1\/wp-json\/wp\/v2\/comments?post=112071"}],"version-history":[{"count":1,"href":"https:\/\/www.caririemacao.com\/1\/wp-json\/wp\/v2\/posts\/112071\/revisions"}],"predecessor-version":[{"id":112073,"href":"https:\/\/www.caririemacao.com\/1\/wp-json\/wp\/v2\/posts\/112071\/revisions\/112073"}],"wp:featuredmedia":[{"embeddable":true,"href":"https:\/\/www.caririemacao.com\/1\/wp-json\/wp\/v2\/media\/112072"}],"wp:attachment":[{"href":"https:\/\/www.caririemacao.com\/1\/wp-json\/wp\/v2\/media?parent=112071"}],"wp:term":[{"taxonomy":"category","embeddable":true,"href":"https:\/\/www.caririemacao.com\/1\/wp-json\/wp\/v2\/categories?post=112071"},{"taxonomy":"post_tag","embeddable":true,"href":"https:\/\/www.caririemacao.com\/1\/wp-json\/wp\/v2\/tags?post=112071"}],"curies":[{"name":"wp","href":"https:\/\/api.w.org\/{rel}","templated":true}]}}