{"id":112076,"date":"2019-08-27T12:09:03","date_gmt":"2019-08-27T15:09:03","guid":{"rendered":"http:\/\/www.caririemacao.com\/1\/?p=112076"},"modified":"2019-08-27T12:09:03","modified_gmt":"2019-08-27T15:09:03","slug":"cdsa-firma-parceria-com-secretaria-de-agricultura-familiar-para-oferta-de-estagio","status":"publish","type":"post","link":"https:\/\/www.caririemacao.com\/1\/2019\/08\/27\/cdsa-firma-parceria-com-secretaria-de-agricultura-familiar-para-oferta-de-estagio\/","title":{"rendered":"CDSA firma parceria com Secretaria de Agricultura Familiar para oferta de est\u00e1gio"},"content":{"rendered":"\n<p>A dire\u00e7\u00e3o do Centro de Desenvolvimento Sustent\u00e1vel do Semi\u00e1rido da UFCG, localizado em Sum\u00e9, representada pelo vice-diretor, professor Franklin N\u00f3brega, assinou conv\u00eanio com a Secretaria de Agricultura Familiar e Desenvolvimento Sustent\u00e1vel (SEAFDS) da Para\u00edba, para fins de oferta de est\u00e1gios para alunos da UFCG.<\/p>\n\n\n\n<p>Tais est\u00e1gios j\u00e1 acontecem por meio do Projeto de Desenvolvimento Sustent\u00e1vel do Cariri, Serid\u00f3 e Curimata\u00fa (Procase). Atualmente, quatro alunos do CDSA recebem bolsa por meio deste projeto. A partir da assinatura deste conv\u00eanio, n\u00e3o apenas os alunos do CDSA, mas de toda UFCG poder\u00e3o realizar est\u00e1gios curriculares supervisionados junto a programas desenvolvidos por esta secretaria.<\/p>\n\n\n\n<p>\u201cA instala\u00e7\u00e3o de usinas de compostagem e atividades relacionadas \u00e0 seguran\u00e7a alimentar s\u00e3o algumas das a\u00e7\u00f5es da SEAFDS que coadunam com as \u00e1reas de atua\u00e7\u00e3o de diversos cursos de gradua\u00e7\u00e3o e p\u00f3s-gradua\u00e7\u00e3o ofertados por meio do CDSA\u201d, explicou o professor Franklin.<\/p>\n\n\n\n<p>Estavam presentes no momento da assinatura do conv\u00eanio o Secret\u00e1rio Luiz Couto, integrantes do PROCASE, dentre eles os caririzeiros Maria do Carmo Soares e Aristeu Chaves (coordenador) e demais integrantes da SEAFDS.<\/p>\n\n\n\n<p>Tanto o coordenador do PROCASE quanto o secret\u00e1rio enfatizaram a import\u00e2ncia da parceria entre as institui\u00e7\u00f5es a fim de fomentar as a\u00e7\u00f5es nas \u00e1reas em que ambos atuam.<\/p>\n","protected":false},"excerpt":{"rendered":"<p>A dire\u00e7\u00e3o do Centro de Desenvolvimento Sustent\u00e1vel do Semi\u00e1rido da UFCG, localizado em Sum\u00e9, representada pelo vice-diretor, professor Franklin N\u00f3brega, assinou conv\u00eanio com a Secretaria&hellip; <\/p>\n","protected":false},"author":1,"featured_media":108166,"comment_status":"closed","ping_status":"closed","sticky":false,"template":"","format":"standard","meta":{"sfsi_plus_gutenberg_text_before_share":"","sfsi_plus_gutenberg_show_text_before_share":"","sfsi_plus_gutenberg_icon_type":"","sfsi_plus_gutenberg_icon_alignemt":"","sfsi_plus_gutenburg_max_per_row":"","footnotes":""},"categories":[14],"tags":[],"class_list":["post-112076","post","type-post","status-publish","format-standard","has-post-thumbnail","hentry","category-educacao"],"_links":{"self":[{"href":"https:\/\/www.caririemacao.com\/1\/wp-json\/wp\/v2\/posts\/112076","targetHints":{"allow":["GET"]}}],"collection":[{"href":"https:\/\/www.caririemacao.com\/1\/wp-json\/wp\/v2\/posts"}],"about":[{"href":"https:\/\/www.caririemacao.com\/1\/wp-json\/wp\/v2\/types\/post"}],"author":[{"embeddable":true,"href":"https:\/\/www.caririemacao.com\/1\/wp-json\/wp\/v2\/users\/1"}],"replies":[{"embeddable":true,"href":"https:\/\/www.caririemacao.com\/1\/wp-json\/wp\/v2\/comments?post=112076"}],"version-history":[{"count":1,"href":"https:\/\/www.caririemacao.com\/1\/wp-json\/wp\/v2\/posts\/112076\/revisions"}],"predecessor-version":[{"id":112077,"href":"https:\/\/www.caririemacao.com\/1\/wp-json\/wp\/v2\/posts\/112076\/revisions\/112077"}],"wp:featuredmedia":[{"embeddable":true,"href":"https:\/\/www.caririemacao.com\/1\/wp-json\/wp\/v2\/media\/108166"}],"wp:attachment":[{"href":"https:\/\/www.caririemacao.com\/1\/wp-json\/wp\/v2\/media?parent=112076"}],"wp:term":[{"taxonomy":"category","embeddable":true,"href":"https:\/\/www.caririemacao.com\/1\/wp-json\/wp\/v2\/categories?post=112076"},{"taxonomy":"post_tag","embeddable":true,"href":"https:\/\/www.caririemacao.com\/1\/wp-json\/wp\/v2\/tags?post=112076"}],"curies":[{"name":"wp","href":"https:\/\/api.w.org\/{rel}","templated":true}]}}