{"id":112080,"date":"2019-08-27T12:11:59","date_gmt":"2019-08-27T15:11:59","guid":{"rendered":"http:\/\/www.caririemacao.com\/1\/?p=112080"},"modified":"2019-08-27T12:22:30","modified_gmt":"2019-08-27T15:22:30","slug":"em-monteiro-ricardo-coutinho-confirma-participacao-de-chico-cesar-totonho-e-dejinha-no-ato-sos-transposicao","status":"publish","type":"post","link":"https:\/\/www.caririemacao.com\/1\/2019\/08\/27\/em-monteiro-ricardo-coutinho-confirma-participacao-de-chico-cesar-totonho-e-dejinha-no-ato-sos-transposicao\/","title":{"rendered":"EM MONTEIRO: Ricardo Coutinho confirma participa\u00e7\u00e3o de Chico C\u00e9sar, Totonho e Dejinha no ato \u201cSOS Transposi\u00e7\u00e3o\u201d"},"content":{"rendered":"\n<p>O&nbsp;ex-governador Ricardo Coutinho&nbsp;(PSB) confirmou, nesta ter\u00e7a-feira (27), a participa\u00e7\u00e3o de tr\u00eas dos principais artistas paraibanos da atualidade no \u201cSOS Transposi\u00e7\u00e3o\u201d. O evento \u00e9 um ato p\u00fablico que ocorrer\u00e1 no pr\u00f3ximo domingo (1\u00ba), na cidade de Monteiro, no Cariri da Para\u00edba.<\/p>\n\n\n\n<p>De acordo com Ricardo,&nbsp;Chico C\u00e9sar, Totonho e Dejinha de Monteiro estar\u00e3o se juntando a milhares de pessoas que dever\u00e3o ir \u00e0s ruas de Monteiro para protestar contra a paralisa\u00e7\u00e3o do bombeamento das \u00e1guas no canal do S\u00e3o Francisco.<\/p>\n\n\n\n<p>Al\u00e9m dos m\u00fasicos paraibanos, o ex-governador confirmou tamb\u00e9m a participa\u00e7\u00e3o de v\u00e1rias lideran\u00e7as nacionais, como o&nbsp;ex-candidato \u00e0 Presid\u00eancia da Rep\u00fablica em 2018, Fernando Haddad&nbsp;(PT). A presidente nacional do Partido dos Trabalhadores, Gleisi Hoffmann e governadores do Nordeste, prefeitos, parlamentares e representantes de movimentos sociais de toda a regi\u00e3o para o ato pressionar alguma solu\u00e7\u00e3o.<\/p>\n\n\n\n<p>Programado para iniciar \u00e0s 10h, o SOS Transposi\u00e7\u00e3o vem sendo tachado de \u201cum grito de socorro\u201d do povo nordestino contra o abandono, por parte do governo do presidente Jair Bolsonaro. A Transposi\u00e7\u00e3o \u00e9 a maior obra h\u00eddrica da hist\u00f3ria da regi\u00e3o. Quando totalmente conclu\u00edda, beneficiar\u00e1 mais de 12 milh\u00f5es de pessoas nos estados da Para\u00edba, Pernambuco, Rio Grande do Norte e Cear\u00e1.<\/p>\n\n\n\n<p>O ato p\u00fablico do pr\u00f3ximo domingo est\u00e1 sendo convocado por movimentos sociais, partidos de esquerda e diversas lideran\u00e7as de todo o Brasil, sob a coordena\u00e7\u00e3o do ex-governador paraibano Ricardo Coutinho.<\/p>\n","protected":false},"excerpt":{"rendered":"<p>O&nbsp;ex-governador Ricardo Coutinho&nbsp;(PSB) confirmou, nesta ter\u00e7a-feira (27), a participa\u00e7\u00e3o de tr\u00eas dos principais artistas paraibanos da atualidade no \u201cSOS Transposi\u00e7\u00e3o\u201d. O evento \u00e9 um ato&hellip; <\/p>\n","protected":false},"author":1,"featured_media":112081,"comment_status":"closed","ping_status":"closed","sticky":false,"template":"","format":"standard","meta":{"sfsi_plus_gutenberg_text_before_share":"","sfsi_plus_gutenberg_show_text_before_share":"","sfsi_plus_gutenberg_icon_type":"","sfsi_plus_gutenberg_icon_alignemt":"","sfsi_plus_gutenburg_max_per_row":"","footnotes":""},"categories":[50,11],"tags":[],"class_list":["post-112080","post","type-post","status-publish","format-standard","has-post-thumbnail","hentry","category-destaque","category-politica"],"_links":{"self":[{"href":"https:\/\/www.caririemacao.com\/1\/wp-json\/wp\/v2\/posts\/112080","targetHints":{"allow":["GET"]}}],"collection":[{"href":"https:\/\/www.caririemacao.com\/1\/wp-json\/wp\/v2\/posts"}],"about":[{"href":"https:\/\/www.caririemacao.com\/1\/wp-json\/wp\/v2\/types\/post"}],"author":[{"embeddable":true,"href":"https:\/\/www.caririemacao.com\/1\/wp-json\/wp\/v2\/users\/1"}],"replies":[{"embeddable":true,"href":"https:\/\/www.caririemacao.com\/1\/wp-json\/wp\/v2\/comments?post=112080"}],"version-history":[{"count":2,"href":"https:\/\/www.caririemacao.com\/1\/wp-json\/wp\/v2\/posts\/112080\/revisions"}],"predecessor-version":[{"id":112097,"href":"https:\/\/www.caririemacao.com\/1\/wp-json\/wp\/v2\/posts\/112080\/revisions\/112097"}],"wp:featuredmedia":[{"embeddable":true,"href":"https:\/\/www.caririemacao.com\/1\/wp-json\/wp\/v2\/media\/112081"}],"wp:attachment":[{"href":"https:\/\/www.caririemacao.com\/1\/wp-json\/wp\/v2\/media?parent=112080"}],"wp:term":[{"taxonomy":"category","embeddable":true,"href":"https:\/\/www.caririemacao.com\/1\/wp-json\/wp\/v2\/categories?post=112080"},{"taxonomy":"post_tag","embeddable":true,"href":"https:\/\/www.caririemacao.com\/1\/wp-json\/wp\/v2\/tags?post=112080"}],"curies":[{"name":"wp","href":"https:\/\/api.w.org\/{rel}","templated":true}]}}