{"id":112085,"date":"2019-08-27T12:15:32","date_gmt":"2019-08-27T15:15:32","guid":{"rendered":"http:\/\/www.caririemacao.com\/1\/?p=112085"},"modified":"2019-08-27T12:15:32","modified_gmt":"2019-08-27T15:15:32","slug":"joao-azevedo-nao-vai-participar-de-ato-pela-transposicao-e-foca-pressao-em-brasilia","status":"publish","type":"post","link":"https:\/\/www.caririemacao.com\/1\/2019\/08\/27\/joao-azevedo-nao-vai-participar-de-ato-pela-transposicao-e-foca-pressao-em-brasilia\/","title":{"rendered":"Jo\u00e3o Azev\u00eado n\u00e3o vai participar de ato pela transposi\u00e7\u00e3o e foca press\u00e3o em Bras\u00edlia"},"content":{"rendered":"\n<p>O governador Jo\u00e3o Azev\u00eado n\u00e3o vai participar do evento em prol da transposi\u00e7\u00e3o do Rio S\u00e3o Francisco que vai acontecer no domingo (1\u00ba) em Monteiro com a presen\u00e7a do ex-governador Ricardo Coutinho. O chefe do Executivo Estadual alegou que sua agenda est\u00e1 complicada para se fazer presente em atos pol\u00edticos, j\u00e1 que o foco \u00e9 angariar melhorias para a Para\u00edba junto a ministros, em Bras\u00edlia.<\/p>\n\n\n\n<p>&#8220;Minha agenda est\u00e1 complicada. Estou indo a Bras\u00edlia, devo me encontrar com pelo menos seis ministros, vou tratar do estaleiro. Essa manifesta\u00e7\u00e3o de domingo \u00e9 importante considerando o que representa a obra da transposi\u00e7\u00e3o. Defendemos essa obra para que ela funcione e traga os benef\u00edcios esperados&#8221;, disse.<br><a href=\"https:\/\/www.clickpb.com.br\/media\/filer_public\/20\/33\/20337f25-cf02-493b-a1a3-29f5189216f5\/joao_azevedo_-_27-08-19.mp3\">Ou\u00e7a o \u00e1udio<\/a><\/p>\n\n\n\n<p>Azev\u00eado acrescentou que a preocupa\u00e7\u00e3o maior nesse sentido \u00e9 fazer com que o Eixo Norte seja conclu\u00eddo. &#8220;\u00c9 um ato pol\u00edtico e, enquanto governo, temos acompanhado, mas o que mais importa \u00e9 que a \u00e1gua chegue, a minha luta \u00e9 mais fazer que o eixo norte seja conclu\u00eddo&#8221;, acrescentou.<\/p>\n\n\n\n<p>O ato intitulado SOS Transposi\u00e7\u00e3o, ter\u00e1 a participa\u00e7\u00e3o da presidente nacional do PT e deputada federal, Gleisi Hoffmann.&nbsp;Ela convocou a&nbsp;popula\u00e7\u00e3o a se unir contra a pol\u00edtica do governo Bolsonaro e pela efetiva\u00e7\u00e3o das obras da transposi\u00e7\u00e3o do Rio S\u00e3o Francisco.<\/p>\n","protected":false},"excerpt":{"rendered":"<p>O governador Jo\u00e3o Azev\u00eado n\u00e3o vai participar do evento em prol da transposi\u00e7\u00e3o do Rio S\u00e3o Francisco que vai acontecer no domingo (1\u00ba) em Monteiro&hellip; <\/p>\n","protected":false},"author":1,"featured_media":112086,"comment_status":"closed","ping_status":"closed","sticky":false,"template":"","format":"standard","meta":{"sfsi_plus_gutenberg_text_before_share":"","sfsi_plus_gutenberg_show_text_before_share":"","sfsi_plus_gutenberg_icon_type":"","sfsi_plus_gutenberg_icon_alignemt":"","sfsi_plus_gutenburg_max_per_row":"","footnotes":""},"categories":[11],"tags":[],"class_list":["post-112085","post","type-post","status-publish","format-standard","has-post-thumbnail","hentry","category-politica"],"_links":{"self":[{"href":"https:\/\/www.caririemacao.com\/1\/wp-json\/wp\/v2\/posts\/112085","targetHints":{"allow":["GET"]}}],"collection":[{"href":"https:\/\/www.caririemacao.com\/1\/wp-json\/wp\/v2\/posts"}],"about":[{"href":"https:\/\/www.caririemacao.com\/1\/wp-json\/wp\/v2\/types\/post"}],"author":[{"embeddable":true,"href":"https:\/\/www.caririemacao.com\/1\/wp-json\/wp\/v2\/users\/1"}],"replies":[{"embeddable":true,"href":"https:\/\/www.caririemacao.com\/1\/wp-json\/wp\/v2\/comments?post=112085"}],"version-history":[{"count":1,"href":"https:\/\/www.caririemacao.com\/1\/wp-json\/wp\/v2\/posts\/112085\/revisions"}],"predecessor-version":[{"id":112087,"href":"https:\/\/www.caririemacao.com\/1\/wp-json\/wp\/v2\/posts\/112085\/revisions\/112087"}],"wp:featuredmedia":[{"embeddable":true,"href":"https:\/\/www.caririemacao.com\/1\/wp-json\/wp\/v2\/media\/112086"}],"wp:attachment":[{"href":"https:\/\/www.caririemacao.com\/1\/wp-json\/wp\/v2\/media?parent=112085"}],"wp:term":[{"taxonomy":"category","embeddable":true,"href":"https:\/\/www.caririemacao.com\/1\/wp-json\/wp\/v2\/categories?post=112085"},{"taxonomy":"post_tag","embeddable":true,"href":"https:\/\/www.caririemacao.com\/1\/wp-json\/wp\/v2\/tags?post=112085"}],"curies":[{"name":"wp","href":"https:\/\/api.w.org\/{rel}","templated":true}]}}