{"id":112089,"date":"2019-08-27T12:19:44","date_gmt":"2019-08-27T15:19:44","guid":{"rendered":"http:\/\/www.caririemacao.com\/1\/?p=112089"},"modified":"2019-08-27T12:19:44","modified_gmt":"2019-08-27T15:19:44","slug":"guedes-defende-novo-tributo-sobre-movimentacao-financeira","status":"publish","type":"post","link":"https:\/\/www.caririemacao.com\/1\/2019\/08\/27\/guedes-defende-novo-tributo-sobre-movimentacao-financeira\/","title":{"rendered":"Guedes defende novo tributo sobre movimenta\u00e7\u00e3o financeira"},"content":{"rendered":"\n<p>O ministro da Economia, Paulo Guedes, afirmou nesta segunda-feira (26) que um imposto sobre transa\u00e7\u00f5es financeiras de 0,20% poderia ajudar na desonera\u00e7\u00e3o da folha de pagamento.<\/p>\n\n\n\n<p>Disse ainda que a proposta que o governo ir\u00e1 apresentar prev\u00ea que transa\u00e7\u00f5es feitas em esp\u00e9cie e sem o recolhimento do tributo n\u00e3o ter\u00e3o validade, citando como exemplo a compra de um apartamento feita por um traficante de drogas em dinheiro vivo.<\/p>\n\n\n\n<p>Guedes avalia que pelo menos parte da reforma tribut\u00e1ria poder\u00e1 ser aprovada ainda neste ano e come\u00e7aria a valer em 2020.<\/p>\n\n\n\n<p>\u201cVoc\u00ea troca 20% de encargo trabalhista por um negocinho que n\u00e3o d\u00e1 nem 2%. \u00c9 10% de 2% [0,20%]. Traficante paga, traficante de droga paga, traficante de arma paga. Tem um monte de gente, tem coisa que eu n\u00e3o vou falar, que tamb\u00e9m paga\u201d, afirmou durante evento de premia\u00e7\u00e3o da revista Exame.<\/p>\n\n\n\n<p>O ministro disse que essa \u00e9 a parte da reforma tribut\u00e1ria onde h\u00e1 um \u201cbarulhinho\u201d desde a campanha eleitoral. Foi nessa \u00e9poca que o presidente Jair Bolsonaro negou pela primeira vez que iria apoiar a volta de uma CPMF.<\/p>\n\n\n\n<p>\u201cO que voc\u00ea prefere? Encargos trabalhistas ou desonerar a folha e pagar esse imposto horroroso? \u00c9 um crime tributar a folha de pagamento\u201d, afirmou.<\/p>\n\n\n\n<p>Sobre a cumulatividade de tributo, o ministro afirmou que o imposto \u00e9 \u201ct\u00e3o pequenininho que n\u00e3o d\u00e1 nem para acumular\u201d, tese questionada por v\u00e1rios tributaristas desde a \u00e9poca da CPMF de 0,38%.<\/p>\n\n\n\n<p>Como a ideia do governo \u00e9 tributar com a mesma al\u00edquota o cr\u00e9dito e d\u00e9bito, o tributo final no exemplo do ministro seria de 0,40%, ligeiramente maior que o tributo criado no governo FHC e extinto pelo Congresso no governo Lula.<\/p>\n\n\n\n<p>O ministro disse ainda que vai acabar com a diferen\u00e7a entre o Imposto de Renda sobre pessoas f\u00edsicas e jur\u00eddicas. Afirmou tamb\u00e9m que hoje n\u00e3o \u00e9 mais necess\u00e1rio usar as dedu\u00e7\u00f5es no IRPF para \u201cdedurar o dentista\u201d que n\u00e3o paga imposto.<\/p>\n\n\n\n<p>\u201cHoje tem muita dedu\u00e7\u00e3o. Tira essa papelada toda, coloca al\u00edquota mais baixa e acabou. Voc\u00ea precisava que a pessoa dedurasse o dentista. Se pagar em esp\u00e9cie n\u00e3o tem problema, a gente vai dar um jeito de monitorar isso. N\u00e3o precisamos mais disso\u201d, afirmou.<\/p>\n\n\n\n<p>\u201cVamos acabar com essa diferen\u00e7a de PJ para pessoa f\u00edsica. Vamos passar a linha na metade. Est\u00e1 cheio de advogado e jornalista esperto que s\u00f3 recebe na PJ. Enquanto isso, o oper\u00e1rio paga. Vamos acabar com isso.\u201d<\/p>\n","protected":false},"excerpt":{"rendered":"<p>O ministro da Economia, Paulo Guedes, afirmou nesta segunda-feira (26) que um imposto sobre transa\u00e7\u00f5es financeiras de 0,20% poderia ajudar na desonera\u00e7\u00e3o da folha de&hellip; <\/p>\n","protected":false},"author":1,"featured_media":106039,"comment_status":"closed","ping_status":"closed","sticky":false,"template":"","format":"standard","meta":{"sfsi_plus_gutenberg_text_before_share":"","sfsi_plus_gutenberg_show_text_before_share":"","sfsi_plus_gutenberg_icon_type":"","sfsi_plus_gutenberg_icon_alignemt":"","sfsi_plus_gutenburg_max_per_row":"","footnotes":""},"categories":[11],"tags":[],"class_list":["post-112089","post","type-post","status-publish","format-standard","has-post-thumbnail","hentry","category-politica"],"_links":{"self":[{"href":"https:\/\/www.caririemacao.com\/1\/wp-json\/wp\/v2\/posts\/112089","targetHints":{"allow":["GET"]}}],"collection":[{"href":"https:\/\/www.caririemacao.com\/1\/wp-json\/wp\/v2\/posts"}],"about":[{"href":"https:\/\/www.caririemacao.com\/1\/wp-json\/wp\/v2\/types\/post"}],"author":[{"embeddable":true,"href":"https:\/\/www.caririemacao.com\/1\/wp-json\/wp\/v2\/users\/1"}],"replies":[{"embeddable":true,"href":"https:\/\/www.caririemacao.com\/1\/wp-json\/wp\/v2\/comments?post=112089"}],"version-history":[{"count":1,"href":"https:\/\/www.caririemacao.com\/1\/wp-json\/wp\/v2\/posts\/112089\/revisions"}],"predecessor-version":[{"id":112090,"href":"https:\/\/www.caririemacao.com\/1\/wp-json\/wp\/v2\/posts\/112089\/revisions\/112090"}],"wp:featuredmedia":[{"embeddable":true,"href":"https:\/\/www.caririemacao.com\/1\/wp-json\/wp\/v2\/media\/106039"}],"wp:attachment":[{"href":"https:\/\/www.caririemacao.com\/1\/wp-json\/wp\/v2\/media?parent=112089"}],"wp:term":[{"taxonomy":"category","embeddable":true,"href":"https:\/\/www.caririemacao.com\/1\/wp-json\/wp\/v2\/categories?post=112089"},{"taxonomy":"post_tag","embeddable":true,"href":"https:\/\/www.caririemacao.com\/1\/wp-json\/wp\/v2\/tags?post=112089"}],"curies":[{"name":"wp","href":"https:\/\/api.w.org\/{rel}","templated":true}]}}