{"id":112093,"date":"2019-08-27T12:21:03","date_gmt":"2019-08-27T15:21:03","guid":{"rendered":"http:\/\/www.caririemacao.com\/1\/?p=112093"},"modified":"2019-08-27T12:21:03","modified_gmt":"2019-08-27T15:21:03","slug":"prefeitura-e-procase-entregarao-unidade-de-beneficiamento-de-mel-aos-apicultores-cordeirenses","status":"publish","type":"post","link":"https:\/\/www.caririemacao.com\/1\/2019\/08\/27\/prefeitura-e-procase-entregarao-unidade-de-beneficiamento-de-mel-aos-apicultores-cordeirenses\/","title":{"rendered":"Prefeitura e Procase entregar\u00e3o unidade de beneficiamento de mel aos apicultores cordeirenses"},"content":{"rendered":"\n<p>Num investimento de mais de 160 mil reais, do Governo do Estado, atrav\u00e9s do Procase, em conv\u00eanio com a Associa\u00e7\u00e3o dos Apicultores e Meliponicultores de S\u00e3o Jos\u00e9 dos Cordeiros, os apicultores cordeirenses recebem nesta pr\u00f3xima quinta-feira (29) um importante benef\u00edcio para sua atividade. A unidade de beneficiamento de mel constru\u00edda no s\u00edtio Pedra Lavrada ser\u00e1 inaugurada \u00e0s 10hrs e \u00e9 promessa de impulsionar a apicultura em S\u00e3o Jos\u00e9 dos Cordeiros.<\/p>\n\n\n\n<p>Segundo o prefeito Jefferson Roberto, a unidade de beneficiamento vai dar ao mel extra\u00eddo na cidade mais higiene e qualidade e conseq\u00fcentemente aceita\u00e7\u00e3o junto ao p\u00fablico. \u201cEstamos ainda finalizando os tr\u00e2mites para a implanta\u00e7\u00e3o do Selo de Inspe\u00e7\u00e3o Municipal (SIM) para a produ\u00e7\u00e3o de mel e isso favorecer\u00e1 a comercializa\u00e7\u00e3o do mel produzido em S\u00e3o Jos\u00e9 dos Cordeiros para o mercado nacional\u201d, afirmou o gestor.<\/p>\n\n\n\n<p>Jefferson ainda disse que a Prefeitura de S\u00e3o Jos\u00e9 dos Cordeiros vai adquirir uma m\u00e1quina de produ\u00e7\u00e3o de sach\u00ea para profissionalizar ainda mais a produ\u00e7\u00e3o dos apicultores e facilitar sua comercializa\u00e7\u00e3o.<\/p>\n\n\n\n<p>Segundo o prefeito, a unidade que foi conclu\u00edda h\u00e1 cerca de tr\u00eas meses j\u00e1 est\u00e1 sendo utilizada pelos apicultores e beneficiou neste curto espa\u00e7o de tempo 1 tonelada de mel. A expectativa do gestor \u00e9 que a produ\u00e7\u00e3o de S\u00e3o Jos\u00e9 dos Cordeiros pelo menos dobre j\u00e1 no primeiro ano de funcionamento da unidade. \u201cSer\u00e1 um instrumento importante para impulsionar nossa apicultura e n\u00f3s, enquanto Prefeitura Municipal, vamos continuar investindo na profissionaliza\u00e7\u00e3o dessa importante atividade de nossa cidade\u201d, garantiu o prefeito Jefferson Roberto.<\/p>\n","protected":false},"excerpt":{"rendered":"<p>Num investimento de mais de 160 mil reais, do Governo do Estado, atrav\u00e9s do Procase, em conv\u00eanio com a Associa\u00e7\u00e3o dos Apicultores e Meliponicultores de&hellip; <\/p>\n","protected":false},"author":1,"featured_media":112094,"comment_status":"closed","ping_status":"closed","sticky":false,"template":"","format":"standard","meta":{"sfsi_plus_gutenberg_text_before_share":"","sfsi_plus_gutenberg_show_text_before_share":"","sfsi_plus_gutenberg_icon_type":"","sfsi_plus_gutenberg_icon_alignemt":"","sfsi_plus_gutenburg_max_per_row":"","footnotes":""},"categories":[2],"tags":[],"class_list":["post-112093","post","type-post","status-publish","format-standard","has-post-thumbnail","hentry","category-geral"],"_links":{"self":[{"href":"https:\/\/www.caririemacao.com\/1\/wp-json\/wp\/v2\/posts\/112093","targetHints":{"allow":["GET"]}}],"collection":[{"href":"https:\/\/www.caririemacao.com\/1\/wp-json\/wp\/v2\/posts"}],"about":[{"href":"https:\/\/www.caririemacao.com\/1\/wp-json\/wp\/v2\/types\/post"}],"author":[{"embeddable":true,"href":"https:\/\/www.caririemacao.com\/1\/wp-json\/wp\/v2\/users\/1"}],"replies":[{"embeddable":true,"href":"https:\/\/www.caririemacao.com\/1\/wp-json\/wp\/v2\/comments?post=112093"}],"version-history":[{"count":1,"href":"https:\/\/www.caririemacao.com\/1\/wp-json\/wp\/v2\/posts\/112093\/revisions"}],"predecessor-version":[{"id":112095,"href":"https:\/\/www.caririemacao.com\/1\/wp-json\/wp\/v2\/posts\/112093\/revisions\/112095"}],"wp:featuredmedia":[{"embeddable":true,"href":"https:\/\/www.caririemacao.com\/1\/wp-json\/wp\/v2\/media\/112094"}],"wp:attachment":[{"href":"https:\/\/www.caririemacao.com\/1\/wp-json\/wp\/v2\/media?parent=112093"}],"wp:term":[{"taxonomy":"category","embeddable":true,"href":"https:\/\/www.caririemacao.com\/1\/wp-json\/wp\/v2\/categories?post=112093"},{"taxonomy":"post_tag","embeddable":true,"href":"https:\/\/www.caririemacao.com\/1\/wp-json\/wp\/v2\/tags?post=112093"}],"curies":[{"name":"wp","href":"https:\/\/api.w.org\/{rel}","templated":true}]}}