{"id":112096,"date":"2019-08-27T12:25:09","date_gmt":"2019-08-27T15:25:09","guid":{"rendered":"http:\/\/www.caririemacao.com\/1\/?p=112096"},"modified":"2019-08-27T12:25:09","modified_gmt":"2019-08-27T15:25:09","slug":"ministro-sergio-moro-vem-a-paraiba-na-proxima-sexta-feira","status":"publish","type":"post","link":"https:\/\/www.caririemacao.com\/1\/2019\/08\/27\/ministro-sergio-moro-vem-a-paraiba-na-proxima-sexta-feira\/","title":{"rendered":"Ministro Sergio Moro vem \u00e0 Para\u00edba na pr\u00f3xima sexta-feira"},"content":{"rendered":"\n<p>O ministro da Justi\u00e7a e Seguran\u00e7a P\u00fablica, S\u00e9rgio Moro, estar\u00e1 em Jo\u00e3o Pessoa na pr\u00f3xima sexta-feira (29), para inaugura\u00e7\u00e3o da nova sede da Superintend\u00eancia da Pol\u00edcia Federal na Capital paraibana, que fica nas margens BR-230, pr\u00f3ximo ao bairro Pedro Gondim.<\/p>\n\n\n\n<p>A informa\u00e7\u00e3o foi dada pelo jornalista Wallison Bezerra, do T5, e confirmada nesta ter\u00e7a-feira (27), pelo&nbsp;<strong>MaisPB.<\/strong><\/p>\n\n\n\n<p>A nova instala\u00e7\u00e3o da PF passar\u00e1 a contar com um dep\u00f3sito para armazenamento de drogas, armas, ve\u00edculos e uma carceragem. A sede da Pol\u00edcia Federal funciona atualmente em Cabedelo, na Grande Jo\u00e3o Pessoa.<\/p>\n\n\n\n<p>Respons\u00e1vel pela condena\u00e7\u00e3o do ex-presidente Lula (PT), no \u00e2mbito da Opera\u00e7\u00e3o Lava Jato, o ex-juiz desembarcar\u00e1 na Para\u00edba em um momento de desgaste na rela\u00e7\u00e3o com o presidente Jair Bolsonaro (PSL), ap\u00f3s o Chefe do Executivo nacional promover trocas na superintendente no Rio de Janeiro. Na&nbsp;\u00faltima quinta-feira (22), o presidente amea\u00e7ou at\u00e9 trocar o comando do \u00f3rg\u00e3o, hoje a cargo de Maur\u00edcio Valeixo.<\/p>\n\n\n\n<p><strong>MaisPB<\/strong><\/p>\n","protected":false},"excerpt":{"rendered":"<p>O ministro da Justi\u00e7a e Seguran\u00e7a P\u00fablica, S\u00e9rgio Moro, estar\u00e1 em Jo\u00e3o Pessoa na pr\u00f3xima sexta-feira (29), para inaugura\u00e7\u00e3o da nova sede da Superintend\u00eancia da&hellip; <\/p>\n","protected":false},"author":1,"featured_media":102746,"comment_status":"closed","ping_status":"closed","sticky":false,"template":"","format":"standard","meta":{"sfsi_plus_gutenberg_text_before_share":"","sfsi_plus_gutenberg_show_text_before_share":"","sfsi_plus_gutenberg_icon_type":"","sfsi_plus_gutenberg_icon_alignemt":"","sfsi_plus_gutenburg_max_per_row":"","footnotes":""},"categories":[11],"tags":[],"class_list":["post-112096","post","type-post","status-publish","format-standard","has-post-thumbnail","hentry","category-politica"],"_links":{"self":[{"href":"https:\/\/www.caririemacao.com\/1\/wp-json\/wp\/v2\/posts\/112096","targetHints":{"allow":["GET"]}}],"collection":[{"href":"https:\/\/www.caririemacao.com\/1\/wp-json\/wp\/v2\/posts"}],"about":[{"href":"https:\/\/www.caririemacao.com\/1\/wp-json\/wp\/v2\/types\/post"}],"author":[{"embeddable":true,"href":"https:\/\/www.caririemacao.com\/1\/wp-json\/wp\/v2\/users\/1"}],"replies":[{"embeddable":true,"href":"https:\/\/www.caririemacao.com\/1\/wp-json\/wp\/v2\/comments?post=112096"}],"version-history":[{"count":1,"href":"https:\/\/www.caririemacao.com\/1\/wp-json\/wp\/v2\/posts\/112096\/revisions"}],"predecessor-version":[{"id":112098,"href":"https:\/\/www.caririemacao.com\/1\/wp-json\/wp\/v2\/posts\/112096\/revisions\/112098"}],"wp:featuredmedia":[{"embeddable":true,"href":"https:\/\/www.caririemacao.com\/1\/wp-json\/wp\/v2\/media\/102746"}],"wp:attachment":[{"href":"https:\/\/www.caririemacao.com\/1\/wp-json\/wp\/v2\/media?parent=112096"}],"wp:term":[{"taxonomy":"category","embeddable":true,"href":"https:\/\/www.caririemacao.com\/1\/wp-json\/wp\/v2\/categories?post=112096"},{"taxonomy":"post_tag","embeddable":true,"href":"https:\/\/www.caririemacao.com\/1\/wp-json\/wp\/v2\/tags?post=112096"}],"curies":[{"name":"wp","href":"https:\/\/api.w.org\/{rel}","templated":true}]}}