{"id":112101,"date":"2019-08-27T12:37:52","date_gmt":"2019-08-27T15:37:52","guid":{"rendered":"http:\/\/www.caririemacao.com\/1\/?p=112101"},"modified":"2019-08-27T12:37:52","modified_gmt":"2019-08-27T15:37:52","slug":"homem-e-preso-em-flagrante-acusado-de-cometer-abuso-sexual-contra-sua-propria-filha-em-serra-branca","status":"publish","type":"post","link":"https:\/\/www.caririemacao.com\/1\/2019\/08\/27\/homem-e-preso-em-flagrante-acusado-de-cometer-abuso-sexual-contra-sua-propria-filha-em-serra-branca\/","title":{"rendered":"Homem \u00e9 preso em flagrante acusado de cometer abuso sexual contra sua pr\u00f3pria filha em Serra Branca"},"content":{"rendered":"\n<p>A Pol\u00edcia Militar de Serra Branca prendeu no in\u00edcio da tarde do \u00faltimo domingo (25) em flagrante um homem acusado de estupro contra a pr\u00f3pria filha. O acusado tem 47 anos e foi identificado como Ederaldo Cirino dos Santos. Ele foi detido quando supostamente tentava sair \u00e0s pressas da cidade e levado para a Delegacia de Sum\u00e9.<\/p>\n\n\n\n<p>A v\u00edtima \u00e9 a pr\u00f3pria filha, uma jovem de apenas 16 anos de idade. A Pol\u00edcia Militar foi acionada por familiares da pr\u00f3pria adolescente, que flagrou em seu celular conversas estranhas do pai com ela. O teor do conte\u00fado encontrado nas mensagens de Whatsapp n\u00e3o foi divulgado, mas denotavam que o pai assediava a filha desde dezembro de 2018.<\/p>\n\n\n\n<p>O acusado e a v\u00edtima foram levados na companhia do Conselho Tutelar para Sum\u00e9, onde foi autuado e dever\u00e1 passar por audi\u00eancia de cust\u00f3dia. A adolescente v\u00edtima passou por exames de corpo delito, mas confirmou a pol\u00edcia que nunca houve a pr\u00e1tica do ato sexual com o pai.<\/p>\n\n\n\n<p>Nossa reportagem tentou entrar em contato com a defesa do acusado, mas n\u00e3o conseguiu sucesso nas liga\u00e7\u00f5es.<\/p>\n\n\n\n<p><strong>De Olho no Cariri<\/strong><\/p>\n","protected":false},"excerpt":{"rendered":"<p>A Pol\u00edcia Militar de Serra Branca prendeu no in\u00edcio da tarde do \u00faltimo domingo (25) em flagrante um homem acusado de estupro contra a pr\u00f3pria&hellip; <\/p>\n","protected":false},"author":1,"featured_media":110277,"comment_status":"closed","ping_status":"closed","sticky":false,"template":"","format":"standard","meta":{"sfsi_plus_gutenberg_text_before_share":"","sfsi_plus_gutenberg_show_text_before_share":"","sfsi_plus_gutenberg_icon_type":"","sfsi_plus_gutenberg_icon_alignemt":"","sfsi_plus_gutenburg_max_per_row":"","footnotes":""},"categories":[12],"tags":[],"class_list":["post-112101","post","type-post","status-publish","format-standard","has-post-thumbnail","hentry","category-policia"],"_links":{"self":[{"href":"https:\/\/www.caririemacao.com\/1\/wp-json\/wp\/v2\/posts\/112101","targetHints":{"allow":["GET"]}}],"collection":[{"href":"https:\/\/www.caririemacao.com\/1\/wp-json\/wp\/v2\/posts"}],"about":[{"href":"https:\/\/www.caririemacao.com\/1\/wp-json\/wp\/v2\/types\/post"}],"author":[{"embeddable":true,"href":"https:\/\/www.caririemacao.com\/1\/wp-json\/wp\/v2\/users\/1"}],"replies":[{"embeddable":true,"href":"https:\/\/www.caririemacao.com\/1\/wp-json\/wp\/v2\/comments?post=112101"}],"version-history":[{"count":1,"href":"https:\/\/www.caririemacao.com\/1\/wp-json\/wp\/v2\/posts\/112101\/revisions"}],"predecessor-version":[{"id":112102,"href":"https:\/\/www.caririemacao.com\/1\/wp-json\/wp\/v2\/posts\/112101\/revisions\/112102"}],"wp:featuredmedia":[{"embeddable":true,"href":"https:\/\/www.caririemacao.com\/1\/wp-json\/wp\/v2\/media\/110277"}],"wp:attachment":[{"href":"https:\/\/www.caririemacao.com\/1\/wp-json\/wp\/v2\/media?parent=112101"}],"wp:term":[{"taxonomy":"category","embeddable":true,"href":"https:\/\/www.caririemacao.com\/1\/wp-json\/wp\/v2\/categories?post=112101"},{"taxonomy":"post_tag","embeddable":true,"href":"https:\/\/www.caririemacao.com\/1\/wp-json\/wp\/v2\/tags?post=112101"}],"curies":[{"name":"wp","href":"https:\/\/api.w.org\/{rel}","templated":true}]}}