{"id":112105,"date":"2019-08-27T12:40:14","date_gmt":"2019-08-27T15:40:14","guid":{"rendered":"http:\/\/www.caririemacao.com\/1\/?p=112105"},"modified":"2019-08-27T12:40:14","modified_gmt":"2019-08-27T15:40:14","slug":"vaza-jato-forca-tarefa-ironizou-morte-de-marisa-e-luto-de-lula","status":"publish","type":"post","link":"https:\/\/www.caririemacao.com\/1\/2019\/08\/27\/vaza-jato-forca-tarefa-ironizou-morte-de-marisa-e-luto-de-lula\/","title":{"rendered":"\u201cVAZA-JATO\u201d: For\u00e7a-tarefa ironizou morte de Marisa e luto de Lula"},"content":{"rendered":"\n<p>Mais di\u00e1logos entre os procuradores da Justi\u00e7a da Opera\u00e7\u00e3o Lava-Jato foram publicados pelo The Interpect Brasil nesta ter\u00e7a-feira (27) pelo site&nbsp;Uol Not\u00edcias. Integrantes da for\u00e7a-tarefa da Opera\u00e7\u00e3o em Curitiba (PR) teriam ironizado a morte da ex-primeira dama&nbsp;Marisa Let\u00edcia, esposa do ex-presidente&nbsp;Luiz In\u00e1cio Lula da Silva. Al\u00e9m de relativizar o luto, os procuradores ainda divergem sobre o pedido do petista para ir ao enterro do irm\u00e3o Genival In\u00e1cio da Silva, o Vav\u00e1, em janeiro deste ano.<\/p>\n\n\n\n<p>O material faz parte do acervo da \u201cVaza Jato\u201d, s\u00e9rie de reportagens que desvela esquemas judiciais ilegais somente em rela\u00e7\u00e3o \u00e0 pris\u00e3o do Lula. Os \u00e1udios s\u00e3o obtidos pela equipe do The Intercept Brasil, via fonte an\u00f4nima.<\/p>\n\n\n\n<p><strong>Morte da Marisa<\/strong>&nbsp;\u2013 Em 24 de janeiro de 2017, Marisa Let\u00edcia sofreu um AVC hemorr\u00e1gico. A interna\u00e7\u00e3o no hospital S\u00edrio-Liban\u00eas, em S\u00e3o Paulo, teria sido comentada em chat no aplicativo Telegram, no mesmo dia da interna\u00e7\u00e3o.<\/p>\n\n\n\n<p>\u201cUm amigo de um amigo de uma prima disse que Marisa chegou ao atendimento sem resposta, como vegetal\u201d, teria dito o procurador&nbsp;Deltan Dallagnol, coordenador da for\u00e7a-tarefa em Curitiba. Em seguida, Janu\u00e1rio Paludo respondeu: \u201cEst\u00e3o eliminando as testemunhas\u2026\u201d<\/p>\n\n\n\n<p>A morte da ex-primeira dama foi confirmada em 3 de fevereiro. Um dia antes, a procuradora da Rep\u00fablica, Laura Tessler, sugeriu que Lula faria uso pol\u00edtico da perda da mulher. \u201cQuem for fazer a pr\u00f3xima audi\u00eancia do Lula, \u00e9 bom que v\u00e1 com uma dose extra de paci\u00eancia para a sess\u00e3o de vitimiza\u00e7\u00e3o\u201d, escreveu. \u201cQuerem que eu fique para o enterro?\u201d, teria comentado Jerusa Viecili, no dia seguinte.<\/p>\n\n\n\n<p><strong>Enterro de Vav\u00e1<\/strong>&nbsp;\u2013 A maneira com que Lula externou a perda de parentes e eventuais manifesta\u00e7\u00f5es p\u00fablicas de apoio ao ex-presidente nesses momentos foram debatidas por procuradores em ao menos outros dois epis\u00f3dios em 2019: em 29 de janeiro, ocasi\u00e3o em que o&nbsp;irm\u00e3o Vav\u00e1 morreu&nbsp;em decorr\u00eancia de um c\u00e2ncer, e, a partir de 1\u00ba de mar\u00e7o, quando foi confirmada a morte do neto Arthur.<\/p>\n\n\n\n<p>O procurador Athayde Ribeiro Costa, j\u00e1 prevendo o pedido de Lula para ir ao enterro, fez uma ressalva em rela\u00e7\u00e3o \u00e0 poss\u00edvel repercuss\u00e3o internacional negativa que a proibi\u00e7\u00e3o traria. \u201cMas se n\u00e3o for, vai ser uma gritaria e um prato cheio para o caso da ONU [Organiza\u00e7\u00e3o das Na\u00e7\u00f5es Unidas]\u201d, teria dito.<\/p>\n\n\n\n<p>O procurador Orlando Martello disse: \u201cuma temeridade ele [Lula] sair. N\u00e3o \u00e9 um preso comum, vai acontecer o que aconteceu na pris\u00e3o\u201d. E concluiu: \u201cA milit\u00e2ncia vai abra\u00e7\u00e1-lo e n\u00e3o o deixar\u00e3o voltar. Se houver insist\u00eancia em traz\u00ea-lo de volta, vai dar ruim!\u201d.<\/p>\n\n\n\n<p>No chat, Ant\u00f4nio Carlos Welter concordou com a PF, mas disse acreditar que Lula tinha o direito de ir ao enterro do irm\u00e3o. \u201cEu acho que ele tem direito a ir, mas n\u00e3o tem como\u201d. Janu\u00e1rio Paludo, ent\u00e3o, responderia: \u201cO safado s\u00f3 queria passear e o Welter com pena\u201d.&nbsp;Laura Tessler comenta: \u201cO foco t\u00e1 em Brumadinho\u2026 logo passa\u2026 muito mimimi\u201d.<\/p>\n\n\n\n<p><strong>Outro lado<\/strong>&nbsp;\u2013 Procurada pela reportagem, a for\u00e7a-tarefa da Lava Jato em Curitiba disse que n\u00e3o poderia se manifestar sem ter acesso integral \u00e0s conversas. As procuradoras da Rep\u00fablica Tham\u00e9a Danelon e Monique Cheker responderam, por meio das assessorias de imprensa do MPF em S\u00e3o Paulo e, no Rio de Janeiro, respectivamente, que n\u00e3o se manifestariam sobre as mensagens citadas na reportagem.<\/p>\n\n\n\n<p>Leia a reportagem completa e veja os prints das conversas sobre Lula&nbsp;<strong><a href=\"https:\/\/noticias.uol.com.br\/politica\/ultimas-noticias\/2019\/08\/27\/lava-jato-morte-marisa-leticia-lula.htm\">aqui<\/a><\/strong>.<\/p>\n\n\n\n<p><em>Fontes: Metr\u00f3poles e Uol<\/em><\/p>\n","protected":false},"excerpt":{"rendered":"<p>Mais di\u00e1logos entre os procuradores da Justi\u00e7a da Opera\u00e7\u00e3o Lava-Jato foram publicados pelo The Interpect Brasil nesta ter\u00e7a-feira (27) pelo site&nbsp;Uol Not\u00edcias. Integrantes da for\u00e7a-tarefa&hellip; <\/p>\n","protected":false},"author":1,"featured_media":93921,"comment_status":"closed","ping_status":"closed","sticky":false,"template":"","format":"standard","meta":{"sfsi_plus_gutenberg_text_before_share":"","sfsi_plus_gutenberg_show_text_before_share":"","sfsi_plus_gutenberg_icon_type":"","sfsi_plus_gutenberg_icon_alignemt":"","sfsi_plus_gutenburg_max_per_row":"","footnotes":""},"categories":[11],"tags":[],"class_list":["post-112105","post","type-post","status-publish","format-standard","has-post-thumbnail","hentry","category-politica"],"_links":{"self":[{"href":"https:\/\/www.caririemacao.com\/1\/wp-json\/wp\/v2\/posts\/112105","targetHints":{"allow":["GET"]}}],"collection":[{"href":"https:\/\/www.caririemacao.com\/1\/wp-json\/wp\/v2\/posts"}],"about":[{"href":"https:\/\/www.caririemacao.com\/1\/wp-json\/wp\/v2\/types\/post"}],"author":[{"embeddable":true,"href":"https:\/\/www.caririemacao.com\/1\/wp-json\/wp\/v2\/users\/1"}],"replies":[{"embeddable":true,"href":"https:\/\/www.caririemacao.com\/1\/wp-json\/wp\/v2\/comments?post=112105"}],"version-history":[{"count":1,"href":"https:\/\/www.caririemacao.com\/1\/wp-json\/wp\/v2\/posts\/112105\/revisions"}],"predecessor-version":[{"id":112106,"href":"https:\/\/www.caririemacao.com\/1\/wp-json\/wp\/v2\/posts\/112105\/revisions\/112106"}],"wp:featuredmedia":[{"embeddable":true,"href":"https:\/\/www.caririemacao.com\/1\/wp-json\/wp\/v2\/media\/93921"}],"wp:attachment":[{"href":"https:\/\/www.caririemacao.com\/1\/wp-json\/wp\/v2\/media?parent=112105"}],"wp:term":[{"taxonomy":"category","embeddable":true,"href":"https:\/\/www.caririemacao.com\/1\/wp-json\/wp\/v2\/categories?post=112105"},{"taxonomy":"post_tag","embeddable":true,"href":"https:\/\/www.caririemacao.com\/1\/wp-json\/wp\/v2\/tags?post=112105"}],"curies":[{"name":"wp","href":"https:\/\/api.w.org\/{rel}","templated":true}]}}