{"id":112109,"date":"2019-08-27T12:41:41","date_gmt":"2019-08-27T15:41:41","guid":{"rendered":"http:\/\/www.caririemacao.com\/1\/?p=112109"},"modified":"2019-08-27T12:41:41","modified_gmt":"2019-08-27T15:41:41","slug":"bolsonaro-quer-pedido-de-desculpas-de-macron-para-aceitar-dinheiro-do-g7","status":"publish","type":"post","link":"https:\/\/www.caririemacao.com\/1\/2019\/08\/27\/bolsonaro-quer-pedido-de-desculpas-de-macron-para-aceitar-dinheiro-do-g7\/","title":{"rendered":"Bolsonaro quer pedido de desculpas de Macron para aceitar dinheiro do G7"},"content":{"rendered":"\n<p>O presidente Jair Bolsonaro disse na manh\u00e3 desta ter\u00e7a-feira, 27, que pode reconsiderar decis\u00e3o da v\u00e9spera e aceitar a ajuda emergencial do G-7 caso o presidente da Fran\u00e7a, Emmanuel Macron, retire -insulto- contra ele e a ideia de que a internacionaliza\u00e7\u00e3o da Amaz\u00f4nia est\u00e1 -em aberto-. Bolsonaro n\u00e3o demonstrou, no entanto, qualquer inten\u00e7\u00e3o de pedir desculpas \u00e0 primeira-dama francesa, Brigitte. Na segunda-feira, 26, o Pal\u00e1cio do Planalto informou oficialmente que vai recusar os 20 milh\u00f5es de euros anunciados por Macron em nome dos pa\u00edses que formam o G-7.<\/p>\n\n\n\n<p>-Primeiramente, o seu Macron tem que retirar os insultos que fez a minha pessoa. Ele me chamou de mentiroso. E, depois, informaram, que a nossa soberania est\u00e1 em aberto na Amaz\u00f4nia. Para conversar ou aceitar qualquer coisa da Fran\u00e7a, que seja das melhores inten\u00e7\u00f5es poss\u00edveis, ele vai ter que retirar essas palavras e da\u00ed a gente pode conversar\u201d, declarou Bolsonaro. -Primeiro, ele retira. Depois, oferece ajuda. Da\u00ed eu respondo-, refor\u00e7ou.<\/p>\n\n\n\n<p>Bolsonaro questionou at\u00e9 mesmo an\u00fancio oficial feito pelo Pal\u00e1cio do Planalto com a recusa dos recursos do G-7 pelo Brasil. -Eu falei isso? Eu falei? O presidente Bolsonaro falou?-, reagiu. Indagado se ainda cogita receber a quantia, ele falou que a imprensa -vai ter uma surpresa hoje- na reuni\u00e3o que ele far\u00e1 com governadores da regi\u00e3o amaz\u00f4nica, no Pal\u00e1cio do Planalto, \u00e0s 10h. -Tudo tem um pre\u00e7o. Eu disse h\u00e1 poucas semanas que estavam comprando \u00e0 presta\u00e7\u00e3o a Amaz\u00f4nia. Voc\u00eas v\u00e3o ter a resposta.-<\/p>\n\n\n\n<p>Ap\u00f3s dois minutos de entrevista, Bolsonaro encerrou a conversa com jornalistas nesta ter\u00e7a por causa de perguntas sobre um poss\u00edvel pedido de desculpas \u00e0 primeira-dama francesa. Ele disse que n\u00e3o colocou a foto que zombava Brigitte e justificou que pediu para o respons\u00e1vel n\u00e3o -falar besteira-.<\/p>\n\n\n\n<p>-Eu n\u00e3o coloquei aquela foto, algu\u00e9m que colocou a foto l\u00e1 e eu falei para n\u00e3o falar besteira. N\u00e3o queiram falar da quest\u00e3o familiar porque na quest\u00e3o familiar, pessoal, eu n\u00e3o me meto. Sempre respeito o cara para n\u00e3o entrar nessa \u00e1rea-, disse.<\/p>\n\n\n\n<p>No final de semana, o presidente brasileiro reagiu com risadas a um coment\u00e1rio em que um seguidor da sua p\u00e1gina no Facebook postou fotos dos chefes de Estado com suas respectivas primeiras-damas, afirmando que o mandat\u00e1rio franc\u00eas teria inveja de Bolsonaro porque sua esposa \u00e9 24 anos mais velha do que ele. -N\u00e3o humilha cara. Kkkkkkk-, escreveu Bolsonaro em rede social como resposta ao apoiador.<\/p>\n\n\n\n<p>Ao ser indagado se pretende pedir desculpas, Bolsonaro ficou irritado com jornalistas e encerrou a conversa. -Se continuar pergunta desse padr\u00e3o vai acabar a entrevista. Meu coment\u00e1rio era para n\u00e3o insistir nesse tipo de postagem. Realmente, o jornalismo, voc\u00eas n\u00e3o merecem considera\u00e7\u00e3o.-<\/p>\n","protected":false},"excerpt":{"rendered":"<p>O presidente Jair Bolsonaro disse na manh\u00e3 desta ter\u00e7a-feira, 27, que pode reconsiderar decis\u00e3o da v\u00e9spera e aceitar a ajuda emergencial do G-7 caso o&hellip; <\/p>\n","protected":false},"author":1,"featured_media":109562,"comment_status":"closed","ping_status":"closed","sticky":false,"template":"","format":"standard","meta":{"sfsi_plus_gutenberg_text_before_share":"","sfsi_plus_gutenberg_show_text_before_share":"","sfsi_plus_gutenberg_icon_type":"","sfsi_plus_gutenberg_icon_alignemt":"","sfsi_plus_gutenburg_max_per_row":"","footnotes":""},"categories":[11],"tags":[],"class_list":["post-112109","post","type-post","status-publish","format-standard","has-post-thumbnail","hentry","category-politica"],"_links":{"self":[{"href":"https:\/\/www.caririemacao.com\/1\/wp-json\/wp\/v2\/posts\/112109","targetHints":{"allow":["GET"]}}],"collection":[{"href":"https:\/\/www.caririemacao.com\/1\/wp-json\/wp\/v2\/posts"}],"about":[{"href":"https:\/\/www.caririemacao.com\/1\/wp-json\/wp\/v2\/types\/post"}],"author":[{"embeddable":true,"href":"https:\/\/www.caririemacao.com\/1\/wp-json\/wp\/v2\/users\/1"}],"replies":[{"embeddable":true,"href":"https:\/\/www.caririemacao.com\/1\/wp-json\/wp\/v2\/comments?post=112109"}],"version-history":[{"count":1,"href":"https:\/\/www.caririemacao.com\/1\/wp-json\/wp\/v2\/posts\/112109\/revisions"}],"predecessor-version":[{"id":112110,"href":"https:\/\/www.caririemacao.com\/1\/wp-json\/wp\/v2\/posts\/112109\/revisions\/112110"}],"wp:featuredmedia":[{"embeddable":true,"href":"https:\/\/www.caririemacao.com\/1\/wp-json\/wp\/v2\/media\/109562"}],"wp:attachment":[{"href":"https:\/\/www.caririemacao.com\/1\/wp-json\/wp\/v2\/media?parent=112109"}],"wp:term":[{"taxonomy":"category","embeddable":true,"href":"https:\/\/www.caririemacao.com\/1\/wp-json\/wp\/v2\/categories?post=112109"},{"taxonomy":"post_tag","embeddable":true,"href":"https:\/\/www.caririemacao.com\/1\/wp-json\/wp\/v2\/tags?post=112109"}],"curies":[{"name":"wp","href":"https:\/\/api.w.org\/{rel}","templated":true}]}}