{"id":112113,"date":"2019-08-27T12:53:55","date_gmt":"2019-08-27T15:53:55","guid":{"rendered":"http:\/\/www.caririemacao.com\/1\/?p=112113"},"modified":"2019-08-27T12:53:55","modified_gmt":"2019-08-27T15:53:55","slug":"ricardo-aponta-motivacao-politica-para-suspensao-de-bombeamento-do-canal-da-transposicao","status":"publish","type":"post","link":"https:\/\/www.caririemacao.com\/1\/2019\/08\/27\/ricardo-aponta-motivacao-politica-para-suspensao-de-bombeamento-do-canal-da-transposicao\/","title":{"rendered":"Ricardo aponta motiva\u00e7\u00e3o pol\u00edtica para suspens\u00e3o de bombeamento do canal da Transposi\u00e7\u00e3o"},"content":{"rendered":"\n<p>&nbsp;ex-governador Ricardo Coutinho acusou o Governo Federal de suspender o bombeamento da \u00e1gua do canal da Transposi\u00e7\u00e3o do Rio S\u00e3o Francisco por motivos pol\u00edticos. Ricardo disse&nbsp;que n\u00e3o h\u00e1 canal com o Governo Federal para superar esse tipo de impasse.<\/p>\n\n\n\n<figure class=\"wp-block-image\"><img decoding=\"async\" data-src=\"https:\/\/www.clickpb.com.br\/media\/filer_public\/b4\/e1\/b4e1a275-a784-45d0-8335-5087615b3071\/ricardo_coutinho.png\" alt=\"\" src=\"data:image\/svg+xml;base64,PHN2ZyB3aWR0aD0iMSIgaGVpZ2h0PSIxIiB4bWxucz0iaHR0cDovL3d3dy53My5vcmcvMjAwMC9zdmciPjwvc3ZnPg==\" class=\"lazyload\" \/><\/figure>\n\n\n\n<p>Ricardo convocou a popula\u00e7\u00e3o para uma manifesta\u00e7\u00e3o, neste domingo (1\u00ba), na cidade de Monteiro, na Para\u00edba para o ato SOS Transposi\u00e7\u00e3o. Segundo o ex-governador o ato tem como objetivo&nbsp;exigir a volta do bombeamento de \u00e1gua no canal que est\u00e1 paralisado desde fevereiro.&nbsp;<\/p>\n\n\n\n<p>A presidente nacional do PT e deputada federal, Gleisi Hoffmann confirmou sua&nbsp;participa\u00e7\u00e3o&nbsp;no ato.&nbsp;Gleisi&nbsp;disse que a obra de transposi\u00e7\u00e3o foi uma das mais relevantes no governo do ex-presidente Lula, que se destaca pelo grande impacto econ\u00f4mico e social para levar \u00e1gua para o Nordeste.&nbsp;&nbsp;<\/p>\n\n\n\n<figure class=\"wp-block-image\"><img decoding=\"async\" data-src=\"https:\/\/www.clickpb.com.br\/media\/filer_public\/69\/fa\/69fa98fe-45d9-40e1-9b13-01afc3b77d00\/sos_sao_francisco.png\" alt=\"\" src=\"data:image\/svg+xml;base64,PHN2ZyB3aWR0aD0iMSIgaGVpZ2h0PSIxIiB4bWxucz0iaHR0cDovL3d3dy53My5vcmcvMjAwMC9zdmciPjwvc3ZnPg==\" class=\"lazyload\" \/><\/figure>\n","protected":false},"excerpt":{"rendered":"<p>&nbsp;ex-governador Ricardo Coutinho acusou o Governo Federal de suspender o bombeamento da \u00e1gua do canal da Transposi\u00e7\u00e3o do Rio S\u00e3o Francisco por motivos pol\u00edticos. Ricardo&hellip; <\/p>\n","protected":false},"author":1,"featured_media":96867,"comment_status":"closed","ping_status":"closed","sticky":false,"template":"","format":"standard","meta":{"sfsi_plus_gutenberg_text_before_share":"","sfsi_plus_gutenberg_show_text_before_share":"","sfsi_plus_gutenberg_icon_type":"","sfsi_plus_gutenberg_icon_alignemt":"","sfsi_plus_gutenburg_max_per_row":"","footnotes":""},"categories":[11],"tags":[],"class_list":["post-112113","post","type-post","status-publish","format-standard","has-post-thumbnail","hentry","category-politica"],"_links":{"self":[{"href":"https:\/\/www.caririemacao.com\/1\/wp-json\/wp\/v2\/posts\/112113","targetHints":{"allow":["GET"]}}],"collection":[{"href":"https:\/\/www.caririemacao.com\/1\/wp-json\/wp\/v2\/posts"}],"about":[{"href":"https:\/\/www.caririemacao.com\/1\/wp-json\/wp\/v2\/types\/post"}],"author":[{"embeddable":true,"href":"https:\/\/www.caririemacao.com\/1\/wp-json\/wp\/v2\/users\/1"}],"replies":[{"embeddable":true,"href":"https:\/\/www.caririemacao.com\/1\/wp-json\/wp\/v2\/comments?post=112113"}],"version-history":[{"count":1,"href":"https:\/\/www.caririemacao.com\/1\/wp-json\/wp\/v2\/posts\/112113\/revisions"}],"predecessor-version":[{"id":112114,"href":"https:\/\/www.caririemacao.com\/1\/wp-json\/wp\/v2\/posts\/112113\/revisions\/112114"}],"wp:featuredmedia":[{"embeddable":true,"href":"https:\/\/www.caririemacao.com\/1\/wp-json\/wp\/v2\/media\/96867"}],"wp:attachment":[{"href":"https:\/\/www.caririemacao.com\/1\/wp-json\/wp\/v2\/media?parent=112113"}],"wp:term":[{"taxonomy":"category","embeddable":true,"href":"https:\/\/www.caririemacao.com\/1\/wp-json\/wp\/v2\/categories?post=112113"},{"taxonomy":"post_tag","embeddable":true,"href":"https:\/\/www.caririemacao.com\/1\/wp-json\/wp\/v2\/tags?post=112113"}],"curies":[{"name":"wp","href":"https:\/\/api.w.org\/{rel}","templated":true}]}}