{"id":112120,"date":"2019-08-27T12:58:49","date_gmt":"2019-08-27T15:58:49","guid":{"rendered":"http:\/\/www.caririemacao.com\/1\/?p=112120"},"modified":"2019-08-27T12:58:49","modified_gmt":"2019-08-27T15:58:49","slug":"volei-feminino-disputa-sul-americano-de-olho-em-copa-do-mundo","status":"publish","type":"post","link":"https:\/\/www.caririemacao.com\/1\/2019\/08\/27\/volei-feminino-disputa-sul-americano-de-olho-em-copa-do-mundo\/","title":{"rendered":"V\u00f4lei feminino disputa Sul-Americano de olho em Copa do Mundo"},"content":{"rendered":"\n<p><br>A sele\u00e7\u00e3o feminina de v\u00f4lei estreia no Campeonato Sul-Americano nesta&nbsp;quarta-feira, \u00e0s 17h&nbsp;(de Bras\u00edlia), diante do Equador, em Cajamarca, no Peru. Ser\u00e1 a volta da equipe ao pa\u00eds ap\u00f3s a participa\u00e7\u00e3o nos Jogos Pan-Americanos \u2014 com um time alternativo, as brasileiras ficaram sem medalha em Lima. A diferen\u00e7a \u00e9 que, agora, a Sele\u00e7\u00e3o \u00e9 a principal, embalada pela vit\u00f3ria no Pr\u00e9-Ol\u00edmpico disputado em Uberl\u00e2ndia, que garantiu as brasileiras nos Jogos de T\u00f3quio. Depois de um 3 a 0 contra Camar\u00f5es, dois triunfos suados por 3 sets a 2 diante de Azerbaij\u00e3o e Rep\u00fablica Dominicana.<\/p>\n\n\n\n<p>\u201cO Azerbaij\u00e3o foi uma sele\u00e7\u00e3o que surpreendeu. N\u00e3o \u00e9 muito tradicional no v\u00f4lei, mas foi uma partida dif\u00edcil. A jogadora que vai atuar pelo Bauru (Polina Rahimova, oposta) foi bem, um saque muito bom. E contra a (Rep\u00fablica) Dominicana, n\u00e3o tem nem o que falar. A evolu\u00e7\u00e3o delas, o que o Marquinhos (Marcos Kwiek, t\u00e9cnico) tem feito l\u00e1&#8230; Uma sele\u00e7\u00e3o muito alta, muito forte. Todo mundo brinca que n\u00e3o precisava matar a torcida do cora\u00e7\u00e3o (risos), mas foram grandes jogos\u201d, disse a central Bia.<\/p>\n\n\n\n<p>A vaga assegurada d\u00e1 tranquilidade h\u00e1 menos de um ano dos Jogos. Para a levantadora Roberta, algo essencial para Jos\u00e9 Roberto Guimar\u00e3es definir o time que ir\u00e1 a T\u00f3quio \u2014 \u00faltima competi\u00e7\u00e3o dele como t\u00e9cnico da sele\u00e7\u00e3o feminina.<\/p>\n\n\n\n<p>\u201cAcho que tira um pouco do peso nas costas. Se a gente n\u00e3o tivesse vencido (o Pr\u00e9-Ol\u00edmpico), ia para uma repescagem em janeiro, muito mais dif\u00edcil. Agora, tem o lado positivo de poder, entre aspas, relaxar, n\u00e9? Ele (Z\u00e9 Roberto) poder treinar posi\u00e7\u00f5es, ajustar detalhes\u201d, comentou.<\/p>\n\n\n\n<p>Testes que j\u00e1 come\u00e7am no Sul-Americano, onde al\u00e9m das equatorianas, as brasileiras enfrentar\u00e3o Venezuela e Argentina pelo Grupo A \u2014 os dois melhores v\u00e3o \u00e0 semifinal. Peru, Uruguai, Bol\u00edvia e Col\u00f4mbia est\u00e3o no Grupo B.<\/p>\n\n\n\n<p>Entre as&nbsp;novidades em rela\u00e7\u00e3o ao grupo do Pr\u00e9-Ol\u00edmpico e ao que foi vice-campe\u00e3o da Liga das Na\u00e7\u00f5es, est\u00e3o as ponteiras Gabi C\u00e2ndido e Drussyla e as bicampe\u00e3s ol\u00edmpicas Fabiana e&nbsp;Sheilla. A central e a oposta&nbsp;voltam a Sele\u00e7\u00e3o ap\u00f3s tr\u00eas anos. Sheilla havia parado de jogar para ser m\u00e3e. Ela deu a luz \u00e0s&nbsp;g\u00eameas Liz e Ninna, mas decidiu retornar \u00e0s quadras este ano.<\/p>\n\n\n\n<p>Com 19 t\u00edtulos (os \u00faltimos 12 consecutivos), o Brasil \u00e9 o maior vencedor do Sul-Americano.<\/p>\n\n\n\n<p><strong>COPA DO MUNDO<\/strong><\/p>\n\n\n\n<p>Ap\u00f3s o Sul-Americano, as brasileiras disputam a Copa do Mundo, entre 14 e&nbsp;29 de setembro, no Jap\u00e3o.&nbsp;A convoca\u00e7\u00e3o para a competi\u00e7\u00e3o ainda n\u00e3o foi divulgada, mas a Sele\u00e7\u00e3o&nbsp;ter\u00e1 o refor\u00e7o&nbsp;de Camila Brait.&nbsp;Ap\u00f3s ficar fora dos Jogos de Londres e Rio&nbsp;de Janeiro, a l\u00edbero tinha decidido n\u00e3o atuar mais pela Sele\u00e7\u00e3o, mas resolveu se dar mais uma chance.<\/p>\n\n\n\n<p>\u201cDepois de 2016, muita coisa mudou. Realizei o sonho de ser m\u00e3e, voltei a jogar em alto n\u00edvel, o Luizomar (de Moura, t\u00e9cnico do Osasco) e a comiss\u00e3o tiveram tranquilidade e paci\u00eancia nessa volta. Depois, veio a convoca\u00e7\u00e3o do Z\u00e9 (Roberto), conversamos bastante, pedi um tempo para pensar e agora tomei minha decis\u00e3o. Vou de peito aberto para meu sonho de jogar a Olimp\u00edada\u201d, explicou.<\/p>\n\n\n\n<p>Quem tamb\u00e9m sonha com a estreia ol\u00edmpica \u00e9 a central Mara, destaque no t\u00edtulo do Minas T\u00eanis Clube na \u00faltima Superliga e refor\u00e7o do Osasco para a nova temporada. Ela participar\u00e1&nbsp;tanto do torneio continental quanto do Mundial.<\/p>\n\n\n\n<p>\u201cA gente n\u00e3o sabe quem estar\u00e1 em T\u00f3quio. Mas (no Osasco) tem a Camila Brait com experi\u00eancia, a Jaqueline, jogadoras que j\u00e1 passaram por isso e acrescentam muito a mim n\u00e3o s\u00f3 na Sele\u00e7\u00e3o, mas no clube tamb\u00e9m. S\u00e3o meninas que ganharam muita coisa\u201d, disse.<\/p>\n\n\n\n<p>Al\u00e9m das donas da casa,&nbsp;a Sele\u00e7\u00e3o enfrentar\u00e1 no Jap\u00e3o a atual campe\u00e3 S\u00e9rvia, a campe\u00e3 ol\u00edmpica China, Coreia do Sul, Camar\u00f5es, Qu\u00eania, R\u00fassia, Holanda, Argentina, Estados Unidos e Rep\u00fablica Dominicana. Vice-campe\u00e3o em tr\u00eas ocasi\u00f5es (1995, 2003 e 2007), o Brasil busca um t\u00edtulo in\u00e9dito.<\/p>\n","protected":false},"excerpt":{"rendered":"<p>A sele\u00e7\u00e3o feminina de v\u00f4lei estreia no Campeonato Sul-Americano nesta&nbsp;quarta-feira, \u00e0s 17h&nbsp;(de Bras\u00edlia), diante do Equador, em Cajamarca, no Peru. Ser\u00e1 a volta da equipe&hellip; <\/p>\n","protected":false},"author":1,"featured_media":108483,"comment_status":"closed","ping_status":"closed","sticky":false,"template":"","format":"standard","meta":{"sfsi_plus_gutenberg_text_before_share":"","sfsi_plus_gutenberg_show_text_before_share":"","sfsi_plus_gutenberg_icon_type":"","sfsi_plus_gutenberg_icon_alignemt":"","sfsi_plus_gutenburg_max_per_row":"","footnotes":""},"categories":[13],"tags":[],"class_list":["post-112120","post","type-post","status-publish","format-standard","has-post-thumbnail","hentry","category-esportes"],"_links":{"self":[{"href":"https:\/\/www.caririemacao.com\/1\/wp-json\/wp\/v2\/posts\/112120","targetHints":{"allow":["GET"]}}],"collection":[{"href":"https:\/\/www.caririemacao.com\/1\/wp-json\/wp\/v2\/posts"}],"about":[{"href":"https:\/\/www.caririemacao.com\/1\/wp-json\/wp\/v2\/types\/post"}],"author":[{"embeddable":true,"href":"https:\/\/www.caririemacao.com\/1\/wp-json\/wp\/v2\/users\/1"}],"replies":[{"embeddable":true,"href":"https:\/\/www.caririemacao.com\/1\/wp-json\/wp\/v2\/comments?post=112120"}],"version-history":[{"count":1,"href":"https:\/\/www.caririemacao.com\/1\/wp-json\/wp\/v2\/posts\/112120\/revisions"}],"predecessor-version":[{"id":112121,"href":"https:\/\/www.caririemacao.com\/1\/wp-json\/wp\/v2\/posts\/112120\/revisions\/112121"}],"wp:featuredmedia":[{"embeddable":true,"href":"https:\/\/www.caririemacao.com\/1\/wp-json\/wp\/v2\/media\/108483"}],"wp:attachment":[{"href":"https:\/\/www.caririemacao.com\/1\/wp-json\/wp\/v2\/media?parent=112120"}],"wp:term":[{"taxonomy":"category","embeddable":true,"href":"https:\/\/www.caririemacao.com\/1\/wp-json\/wp\/v2\/categories?post=112120"},{"taxonomy":"post_tag","embeddable":true,"href":"https:\/\/www.caririemacao.com\/1\/wp-json\/wp\/v2\/tags?post=112120"}],"curies":[{"name":"wp","href":"https:\/\/api.w.org\/{rel}","templated":true}]}}