{"id":112124,"date":"2019-08-27T13:00:51","date_gmt":"2019-08-27T16:00:51","guid":{"rendered":"http:\/\/www.caririemacao.com\/1\/?p=112124"},"modified":"2019-08-27T13:00:51","modified_gmt":"2019-08-27T16:00:51","slug":"intencao-de-consumo-das-familias-sobe-18-em-agosto","status":"publish","type":"post","link":"https:\/\/www.caririemacao.com\/1\/2019\/08\/27\/intencao-de-consumo-das-familias-sobe-18-em-agosto\/","title":{"rendered":"Inten\u00e7\u00e3o de Consumo das Fam\u00edlias sobe 1,8% em agosto"},"content":{"rendered":"\n<p><br>O \u00edndice que mede a Inten\u00e7\u00e3o do Consumo das Fam\u00edlias (ICF) teve alta de 1,8% em agosto, ap\u00f3s cinco meses seguidos de quedas. A pesquisa foi divulgada hoje (27) pela Confedera\u00e7\u00e3o Nacional do Com\u00e9rcio de Bens, Servi\u00e7os e Turismo (CNC), que analisou 18 mil question\u00e1rios aplicados em todas as unidades da federa\u00e7\u00e3o.<\/p>\n\n\n\n<p>O crescimento em compara\u00e7\u00e3o a julho interrompeu a tend\u00eancia de queda iniciada em mar\u00e7o e aproximou o indicador do patamar de dezembro do ano passado. Em rela\u00e7\u00e3o a agosto de 2018, houve alta de 6,8%.<\/p>\n\n\n\n<p>Segundo a confedera\u00e7\u00e3o, o avan\u00e7o do ICF est\u00e1 ligado \u00e0s varia\u00e7\u00f5es positivas nos sub\u00edndices de Perspectivas de Consumo, que subiu 4%, e de Momento para Aquisi\u00e7\u00e3o de Bens Dur\u00e1veis, com alta de 2,4%.<\/p>\n\n\n\n<p>O presidente da CNC, Jos\u00e9 Roberto Tadros, avalia que h\u00e1 um maior otimismo das fam\u00edlias na programa\u00e7\u00e3o dos seus gastos, o que tem rela\u00e7\u00e3o com uma poss\u00edvel melhora no n\u00edvel de endividamento e a possibilidade dos saques nas contas do FGTS e PIS\/Pasep.<\/p>\n\n\n\n<p>Apesar da melhora, o ICF de agosto permaneceu em 91,4 pontos, abaixo do patamar de 100 pontos, o que indica um cen\u00e1rio de insatisfa\u00e7\u00e3o. A \u00faltima vez que ICF esteve acima dos 100 pontos foi em abril de 2015.<\/p>\n\n\n\n<p>A insatisfa\u00e7\u00e3o das fam\u00edlias com o consumo se d\u00e1 principalmente no Momento para Dur\u00e1veis (62,6 pontos) e no N\u00edvel de Consumo Atual (71,9 pontos). Mais alta, a Perspectiva de Consumo tamb\u00e9m permaneceu abaixo dos 100 pontos, com 91.<\/p>\n\n\n\n<p>Os indicadores ligados \u00e0 renda e ao emprego, entretanto, apresentam resultados acima dos 100 pontos, com 108,8 e 116,1, respectivamente, o que indica um quadro de mais otimismo, segundo a CNC. A estabilidade de pre\u00e7os e a melhora gradual do mercado de trabalho foram as causas apontadas.<\/p>\n","protected":false},"excerpt":{"rendered":"<p>O \u00edndice que mede a Inten\u00e7\u00e3o do Consumo das Fam\u00edlias (ICF) teve alta de 1,8% em agosto, ap\u00f3s cinco meses seguidos de quedas. A pesquisa&hellip; <\/p>\n","protected":false},"author":1,"featured_media":111013,"comment_status":"closed","ping_status":"closed","sticky":false,"template":"","format":"standard","meta":{"sfsi_plus_gutenberg_text_before_share":"","sfsi_plus_gutenberg_show_text_before_share":"","sfsi_plus_gutenberg_icon_type":"","sfsi_plus_gutenberg_icon_alignemt":"","sfsi_plus_gutenburg_max_per_row":"","footnotes":""},"categories":[2],"tags":[],"class_list":["post-112124","post","type-post","status-publish","format-standard","has-post-thumbnail","hentry","category-geral"],"_links":{"self":[{"href":"https:\/\/www.caririemacao.com\/1\/wp-json\/wp\/v2\/posts\/112124","targetHints":{"allow":["GET"]}}],"collection":[{"href":"https:\/\/www.caririemacao.com\/1\/wp-json\/wp\/v2\/posts"}],"about":[{"href":"https:\/\/www.caririemacao.com\/1\/wp-json\/wp\/v2\/types\/post"}],"author":[{"embeddable":true,"href":"https:\/\/www.caririemacao.com\/1\/wp-json\/wp\/v2\/users\/1"}],"replies":[{"embeddable":true,"href":"https:\/\/www.caririemacao.com\/1\/wp-json\/wp\/v2\/comments?post=112124"}],"version-history":[{"count":1,"href":"https:\/\/www.caririemacao.com\/1\/wp-json\/wp\/v2\/posts\/112124\/revisions"}],"predecessor-version":[{"id":112125,"href":"https:\/\/www.caririemacao.com\/1\/wp-json\/wp\/v2\/posts\/112124\/revisions\/112125"}],"wp:featuredmedia":[{"embeddable":true,"href":"https:\/\/www.caririemacao.com\/1\/wp-json\/wp\/v2\/media\/111013"}],"wp:attachment":[{"href":"https:\/\/www.caririemacao.com\/1\/wp-json\/wp\/v2\/media?parent=112124"}],"wp:term":[{"taxonomy":"category","embeddable":true,"href":"https:\/\/www.caririemacao.com\/1\/wp-json\/wp\/v2\/categories?post=112124"},{"taxonomy":"post_tag","embeddable":true,"href":"https:\/\/www.caririemacao.com\/1\/wp-json\/wp\/v2\/tags?post=112124"}],"curies":[{"name":"wp","href":"https:\/\/api.w.org\/{rel}","templated":true}]}}