{"id":112128,"date":"2019-08-27T13:06:05","date_gmt":"2019-08-27T16:06:05","guid":{"rendered":"http:\/\/www.caririemacao.com\/1\/?p=112128"},"modified":"2019-08-27T13:06:05","modified_gmt":"2019-08-27T16:06:05","slug":"unica-brasileira-no-tiro-esportivo-debora-campos-recomeca-em-lima","status":"publish","type":"post","link":"https:\/\/www.caririemacao.com\/1\/2019\/08\/27\/unica-brasileira-no-tiro-esportivo-debora-campos-recomeca-em-lima\/","title":{"rendered":"\u00danica brasileira no tiro esportivo, D\u00e9bora Campos recome\u00e7a em Lima"},"content":{"rendered":"\n<p>\u00danica mulher da equipe brasileira de tiro esportivo nos Jogos Parapan-Americanos de Lima, D\u00e9bora Campos \u00e9 av\u00f3 h\u00e1 dois meses. O nascimento de Lucca marca nova fase na vida da atleta, que passou por duas cirurgias no ombro nos \u00faltimos 18 meses. \u201cTive rompimento parcial do tend\u00e3o direito e les\u00e3o no manguito rotador do tend\u00e3o esquerdo. Hoje ainda estou em recupera\u00e7\u00e3o, principalmente no lado esquerdo\u201d.<\/p>\n\n\n\n<p>A cirurgia que levou D\u00e9bora ao paradesporto, por\u00e9m, foi realizada em 1987. Ainda adolescente, ela foi atropelada em frente \u00e0 escola onde estudava. Dez meses depois, v\u00edtima de uma infec\u00e7\u00e3o, teve a perna direita amputada. \u201cEu era uma adolescente e tive que, de um momento para o outro, trocar os sonhos de menina pela realidade de uma nova vida\u201d.<\/p>\n\n\n\n<p>O primeiro contato com o tiro veio por acaso. \u201cMeu pai trouxe uma espingarda de chumbinho emprestada de um amigo. Eu n\u00e3o sa\u00eda de casa e ele queria me distrair. E conseguiu. Eu destru\u00ed todas as plantas da minha m\u00e3e. Me lembro que em um final de semana meu irm\u00e3o foi l\u00e1 e n\u00f3s fizemos at\u00e9 um duelo\u201d, lembra D\u00e9bora.<\/p>\n\n\n\n<h2 class=\"wp-block-heading\">Competi\u00e7\u00e3o oficial<\/h2>\n\n\n\n<p>Em 2000, D\u00e9bora passou por uma cirurgia bari\u00e1trica. S\u00f3 nove anos depois, veio a primeira competi\u00e7\u00e3o oficial no tiro. Com duas semanas de treinos, foi campe\u00e3 brasileira. A alegria no esporte, por\u00e9m, foi afetada por um baque. Seis meses depois do t\u00edtulo, ela ficou vi\u00fava. \u201cO meu segundo marido e o meu maior incentivador faleceu. E pensei em desistir. Foram os meus t\u00e9cnicos que me mantiveram no esporte.\u201d<\/p>\n\n\n\n<p>No fim de 2010, durante o Campeonato Brasileiro, muitas lembran\u00e7as e l\u00e1grimas. \u201cFoi muito dif\u00edcil. Quase larguei tudo no meio da prova. Mas, parei, respirei e continuei. \u00c9 dia a dia. N\u00e3o tem jeito. Acabei saindo com o vice-campeonato\u201d. Um ano depois, D\u00e9bora passou a integrar a sele\u00e7\u00e3o brasileira.<\/p>\n\n\n\n<h2 class=\"wp-block-heading\">Terceiro casamento<\/h2>\n\n\n\n<p>\u201cAs primeiras competi\u00e7\u00f5es, eu fiz com pr\u00f3tese e competindo de p\u00e9. Mas, no in\u00edcio de 2011, tive uma queda e fraturei o f\u00eamur do lado amputado. Foram dois anos para me recuperar. Nesse longo per\u00edodo muitas coisas tinham mudado e acabei seguindo nas competi\u00e7\u00f5es sempre na cadeira de rodas\u201d.<\/p>\n\n\n\n<p>No meio desse processo de recupera\u00e7\u00e3o, D\u00e9bora conheceu o atual marido, o t\u00e9cnico de futebol Alexandre Rom\u00e3o, um grande incentivador. Com o apoio dele, ela chegou aos Jogos Paral\u00edmpicos do Rio, em 2016. \u201cFoi uma experi\u00eancia de contrastes. \u00c9 o sonho de qualquer atleta estar l\u00e1. Mas, eu queria muito estar na final. At\u00e9 a metade da prova, estava em quinto lugar. Mas, me desconcentrei em dois tiros e perdi a vaga\u201d, con ta a atleta, que terminou em d\u00e9cimo-terceiro. &nbsp;<\/p>\n\n\n\n<p>O desempenho e as les\u00f5es no ombro fizeram com que pensasse novamente em desistir. Mas D\u00e9bora mudou de ideia \u2013 e de casa. Morou nos Estados Unidos, onde manteve a rotina de treinos. Voltou a competir, passou pelas cirurgias nos ombros e chegou ao Parapan de Lima, onde disputa a prova de 25 metros na pistola de ar comprimido nas classes P2 e P3. \u201cEstou muito feliz. \u00c9 uma nova fase da minha vida e eu quero curtir cada momento\u201d.<\/p>\n","protected":false},"excerpt":{"rendered":"<p>\u00danica mulher da equipe brasileira de tiro esportivo nos Jogos Parapan-Americanos de Lima, D\u00e9bora Campos \u00e9 av\u00f3 h\u00e1 dois meses. O nascimento de Lucca marca&hellip; <\/p>\n","protected":false},"author":1,"featured_media":112129,"comment_status":"closed","ping_status":"closed","sticky":false,"template":"","format":"standard","meta":{"sfsi_plus_gutenberg_text_before_share":"","sfsi_plus_gutenberg_show_text_before_share":"","sfsi_plus_gutenberg_icon_type":"","sfsi_plus_gutenberg_icon_alignemt":"","sfsi_plus_gutenburg_max_per_row":"","footnotes":""},"categories":[13],"tags":[],"class_list":["post-112128","post","type-post","status-publish","format-standard","has-post-thumbnail","hentry","category-esportes"],"_links":{"self":[{"href":"https:\/\/www.caririemacao.com\/1\/wp-json\/wp\/v2\/posts\/112128","targetHints":{"allow":["GET"]}}],"collection":[{"href":"https:\/\/www.caririemacao.com\/1\/wp-json\/wp\/v2\/posts"}],"about":[{"href":"https:\/\/www.caririemacao.com\/1\/wp-json\/wp\/v2\/types\/post"}],"author":[{"embeddable":true,"href":"https:\/\/www.caririemacao.com\/1\/wp-json\/wp\/v2\/users\/1"}],"replies":[{"embeddable":true,"href":"https:\/\/www.caririemacao.com\/1\/wp-json\/wp\/v2\/comments?post=112128"}],"version-history":[{"count":1,"href":"https:\/\/www.caririemacao.com\/1\/wp-json\/wp\/v2\/posts\/112128\/revisions"}],"predecessor-version":[{"id":112130,"href":"https:\/\/www.caririemacao.com\/1\/wp-json\/wp\/v2\/posts\/112128\/revisions\/112130"}],"wp:featuredmedia":[{"embeddable":true,"href":"https:\/\/www.caririemacao.com\/1\/wp-json\/wp\/v2\/media\/112129"}],"wp:attachment":[{"href":"https:\/\/www.caririemacao.com\/1\/wp-json\/wp\/v2\/media?parent=112128"}],"wp:term":[{"taxonomy":"category","embeddable":true,"href":"https:\/\/www.caririemacao.com\/1\/wp-json\/wp\/v2\/categories?post=112128"},{"taxonomy":"post_tag","embeddable":true,"href":"https:\/\/www.caririemacao.com\/1\/wp-json\/wp\/v2\/tags?post=112128"}],"curies":[{"name":"wp","href":"https:\/\/api.w.org\/{rel}","templated":true}]}}