{"id":112134,"date":"2019-08-27T13:10:08","date_gmt":"2019-08-27T16:10:08","guid":{"rendered":"http:\/\/www.caririemacao.com\/1\/?p=112134"},"modified":"2019-08-27T13:10:08","modified_gmt":"2019-08-27T16:10:08","slug":"atletico-mg-busca-vaga-inedita-na-sul-americana","status":"publish","type":"post","link":"https:\/\/www.caririemacao.com\/1\/2019\/08\/27\/atletico-mg-busca-vaga-inedita-na-sul-americana\/","title":{"rendered":"Atl\u00e9tico- MG busca vaga in\u00e9dita na Sul-americana"},"content":{"rendered":"\n<p>O Atl\u00e9tico-MG enfrenta o La Equidade, nesta&nbsp;ter\u00e7a-feira (27), \u00e0s 21h30min na caa do advers\u00e1rio, o Est\u00e1dio El Camp\u00edn, em Bogot\u00e1, capital da Col\u00f4mbia, pelas quartas de final da Copa Sul-Americana.<\/p>\n\n\n\n<p>No jogo de ida, em Minas Gerais, o Galo venceu por dois a um,&nbsp;portanto qualquer empate ou vit\u00f3ria leva o clube brasileiro \u00e0s semifinais da competi\u00e7\u00e3o.<\/p>\n\n\n\n<p>Na Sul-Americana o gol marcado na casa do advers\u00e1rio, ou seja,&nbsp;o gol qualificado serve como crit\u00e9rio de desempate.Audio Player00:0000:00<br><\/p>\n\n\n\n<p>Desta forma, os colombianos garantem a classifica\u00e7\u00e3o se vencerem por um a zero, ou qualquer placar por uma diferen\u00e7a a partir de dois gols. Se vencerem por dois a um, a vaga ser\u00e1 definida atrav\u00e9s de cobran\u00e7a de p\u00eanaltis.<\/p>\n\n\n\n<p>O atacante colombiano Char\u00e1, do Atl\u00e9tico-MG, acredita que o jogo vai ser muito bom. &#8220;A gente est\u00e1 muito confiante&#8221;, completa.<\/p>\n\n\n\n<p>O clube que avan\u00e7ar vai enfrentar o Col\u00f3n, da Argentina. Do outro lado da chave, o Independiente Del Valle, do Equador,&nbsp;j\u00e1 est\u00e1 classificado e espera o confronto nesta quinta-feira (29), entre Corinthians e Fluminense, no Maracan\u00e3, no Rio&nbsp;de Janeiro&nbsp;para conhecer seu advers\u00e1rio.<\/p>\n","protected":false},"excerpt":{"rendered":"<p>O Atl\u00e9tico-MG enfrenta o La Equidade, nesta&nbsp;ter\u00e7a-feira (27), \u00e0s 21h30min na caa do advers\u00e1rio, o Est\u00e1dio El Camp\u00edn, em Bogot\u00e1, capital da Col\u00f4mbia, pelas quartas&hellip; <\/p>\n","protected":false},"author":1,"featured_media":104449,"comment_status":"closed","ping_status":"closed","sticky":false,"template":"","format":"standard","meta":{"sfsi_plus_gutenberg_text_before_share":"","sfsi_plus_gutenberg_show_text_before_share":"","sfsi_plus_gutenberg_icon_type":"","sfsi_plus_gutenberg_icon_alignemt":"","sfsi_plus_gutenburg_max_per_row":"","footnotes":""},"categories":[13],"tags":[],"class_list":["post-112134","post","type-post","status-publish","format-standard","has-post-thumbnail","hentry","category-esportes"],"_links":{"self":[{"href":"https:\/\/www.caririemacao.com\/1\/wp-json\/wp\/v2\/posts\/112134","targetHints":{"allow":["GET"]}}],"collection":[{"href":"https:\/\/www.caririemacao.com\/1\/wp-json\/wp\/v2\/posts"}],"about":[{"href":"https:\/\/www.caririemacao.com\/1\/wp-json\/wp\/v2\/types\/post"}],"author":[{"embeddable":true,"href":"https:\/\/www.caririemacao.com\/1\/wp-json\/wp\/v2\/users\/1"}],"replies":[{"embeddable":true,"href":"https:\/\/www.caririemacao.com\/1\/wp-json\/wp\/v2\/comments?post=112134"}],"version-history":[{"count":1,"href":"https:\/\/www.caririemacao.com\/1\/wp-json\/wp\/v2\/posts\/112134\/revisions"}],"predecessor-version":[{"id":112135,"href":"https:\/\/www.caririemacao.com\/1\/wp-json\/wp\/v2\/posts\/112134\/revisions\/112135"}],"wp:featuredmedia":[{"embeddable":true,"href":"https:\/\/www.caririemacao.com\/1\/wp-json\/wp\/v2\/media\/104449"}],"wp:attachment":[{"href":"https:\/\/www.caririemacao.com\/1\/wp-json\/wp\/v2\/media?parent=112134"}],"wp:term":[{"taxonomy":"category","embeddable":true,"href":"https:\/\/www.caririemacao.com\/1\/wp-json\/wp\/v2\/categories?post=112134"},{"taxonomy":"post_tag","embeddable":true,"href":"https:\/\/www.caririemacao.com\/1\/wp-json\/wp\/v2\/tags?post=112134"}],"curies":[{"name":"wp","href":"https:\/\/api.w.org\/{rel}","templated":true}]}}