{"id":112139,"date":"2019-08-27T13:13:09","date_gmt":"2019-08-27T16:13:09","guid":{"rendered":"http:\/\/www.caririemacao.com\/1\/?p=112139"},"modified":"2019-08-27T13:13:09","modified_gmt":"2019-08-27T16:13:09","slug":"paises-ricos-descumprem-acordos-para-protecao-ambiental","status":"publish","type":"post","link":"https:\/\/www.caririemacao.com\/1\/2019\/08\/27\/paises-ricos-descumprem-acordos-para-protecao-ambiental\/","title":{"rendered":"Pa\u00edses ricos descumprem acordos para prote\u00e7\u00e3o ambiental"},"content":{"rendered":"\n<p>Em nota dilvulgada na noite dessa segunda-feira (26), o&nbsp;Minist\u00e9rio das Rela\u00e7\u00f5es Exteriores diz que pa\u00edses ricos descumpriram acordos que estabeleceram mecanismos de financiamento \u00e0s atividades desenvolvidas pelos pa\u00edses em desenvolvimento a fim de reduzir o desmatamento e reflorestar \u00e1reas degradadas.<\/p>\n\n\n\n<p>O comunicado \u00e9 uma rea\u00e7\u00e3o do governo brasileiro ao recente&nbsp;<a href=\"http:\/\/agenciabrasil.ebc.com.br\/geral\/noticia\/2019-08\/ajuda-do-g7-amazonia-e-bem-vinda-diz-ministro-do-meio-ambiente\" target=\"_blank\" rel=\"noreferrer noopener\">an\u00fancio<\/a>&nbsp;de que pa\u00edses que integram o chamado Grupo dos 7 (ou G7, que re\u00fane as sete na\u00e7\u00f5es mais industrializados do mundo, composto por: Alemanha, Canad\u00e1, Estados Unidos, Fran\u00e7a, It\u00e1lia, Jap\u00e3o e Reino Unido) colocariam \u00e0 disposi\u00e7\u00e3o do governo brasileiro US$ 20 milh\u00f5es para&nbsp;apoiar atividades de reflorestamento na Floresta Amaz\u00f4nica.<\/p>\n\n\n\n<p>A eventual libera\u00e7\u00e3o dos recursos vindos das maiores pot\u00eancias econ\u00f4micas sem a pr\u00e9via discuss\u00e3o com oito dos pa\u00edses amaz\u00f4nicos (Bol\u00edvia, Brasil, Col\u00f4mbia, Equador, Guiana, Peru, Suriname e Venezuela, que dividem a cobertura florestal com a Guiana Francesa, um territ\u00f3rio ultramarino franc\u00eas) foi tema das conversa\u00e7\u00f5es dos l\u00edderes do G7 durante a 45\u00aa confer\u00eancia de c\u00fapula, que terminou&nbsp;ontem, na Fran\u00e7a. Paralelamente, o presidente da Col\u00f4mbia, Iv\u00e1n Duque, anunciou a inten\u00e7\u00e3o de apresentar \u00e0 Organiza\u00e7\u00e3o das Na\u00e7\u00f5es Unidas (ONU) uma proposta de pacto regional de conserva\u00e7\u00e3o do bioma.<\/p>\n\n\n\n<p>Na nota divulgada&nbsp;ontem, o Itamaraty afirma acompanhar as not\u00edcias veiculadas a respeito de um suposto lan\u00e7amento de novas iniciativas relacionadas \u00e0 Amaz\u00f4nia para, em seguida, fazer obje\u00e7\u00e3o \u00e0 novas medidas sem que, antes, se cumpra as j\u00e1 pactuadas.<\/p>\n\n\n\n<p>\u201cO Governo brasileiro recorda \u00e0queles que est\u00e3o aventando a possibilidade de lan\u00e7ar tais iniciativas o fato de que j\u00e1 existem v\u00e1rios instrumentos, no \u00e2mbito da Conven\u00e7\u00e3o-Quadro das Na\u00e7\u00f5es Unidas sobre Mudan\u00e7a do Clima, para financiar atividades de redu\u00e7\u00e3o do desmatamento e de reflorestamento\u201d, destaca o minist\u00e9rio, referindo-se aos compromissos assumidos pelos 179 pa\u00edses que participaram da Confer\u00eancia das Na\u00e7\u00f5es Unidas para o Meio Ambiente e o Desenvolvimento (Rio 92), realizada no Rio&nbsp;de Janeiro, em 1992.<\/p>\n\n\n\n<p>Com status de tratado internacional, a conven\u00e7\u00e3o visa a estabiliza\u00e7\u00e3o das concentra\u00e7\u00f5es de gases de efeito estufa na atmosfera em n\u00edveis capazes de reduzir o impacto da interfer\u00eancia humana no sistema clim\u00e1tico. Em um primeiro momento, n\u00e3o foram fixados limites m\u00e1ximos para as emiss\u00f5es destes gases, mas treze anos depois, a Confer\u00eancia das Partes (COP-21), realizada em Paris, deu lugar \u00e0 assinatura do chamado&nbsp;<a href=\"https:\/\/unfccc.int\/resource\/docs\/2015\/cop21\/eng\/l09r01.pdf\" target=\"_blank\" rel=\"noreferrer noopener\">Acordo de Paris<\/a>. Pelo acordo, os 195 pa\u00edses signat\u00e1rios se comprometem a adotar medidas para manter o aquecimento global \u201cmuito abaixo de 2\u00baC\u201d, tentando limitar o aumento da temperatura a 1,5 \u00b0 C acima dos n\u00edveis pr\u00e9-industriais. Al\u00e9m disso, os pa\u00edses desenvolvidos deveriam investir US$ 100 bilh\u00f5es de d\u00f3lares por ano em medidas de combate \u00e0 mudan\u00e7a do clima e adapta\u00e7\u00e3o em pa\u00edses em desenvolvimento.<\/p>\n\n\n\n<p>De acordo com o Itamaraty, o compromisso firmado em 2015 n\u00e3o est\u00e1 sendo cumprido \u201cnem remotamente\u201d. O minist\u00e9rio assegura que, embora o Brasil j\u00e1 tenha reconhecidamente reduzido em cerca de 6 bilh\u00f5es de toneladas a emiss\u00e3o de gases de efeito estufa provenientes do desmatamento e da degrada\u00e7\u00e3o florestal, continua aguardando que os pa\u00edses desenvolvidos lhe paguem estimados US$ 30 bilh\u00f5es a t\u00edtulo de incentivo financeiro para que contenha o desmatamento florestal.<\/p>\n\n\n\n<p>O Itamaraty tamb\u00e9m sustenta que, enquanto o setor privado brasileiro investiu recursos financeiros em projetos ambientais com potencial de reduzir em 400 milh\u00f5es de toneladas a emiss\u00e3o de CO2, \u201cpa\u00edses europeus t\u00eam se recusado a comprar a maioria dos cr\u00e9ditos aos quais o Brasil faria jus, comprometendo projetos ambientais relevantes no pa\u00eds\u201d. O minist\u00e9rio ainda afirma que negocia\u00e7\u00f5es estabelecidas durante a COP-21 para criar um novo Mecanismo de Desenvolvimento Sustent\u00e1vel continham propostas que, na pr\u00e1tica, inviabilizariam o funcionamento do Mecanismo de Desenvolvimento Limpo (MDL) e do Mecanismo de Desenvolvimento Sustent\u00e1vel proposto pelo Brasil.<\/p>\n\n\n\n<p>A nota cita&nbsp;a Fran\u00e7a, pa\u00eds do qual o Itamaraty diz esperar engajamento e clareza quanto aos objetivos j\u00e1 estabelecidos. \u201cEspera-se da Fran\u00e7a \u2013 e de outros pa\u00edses que porventura apoiem suas ideias \u2013 que se engajem com seriedade nessas discuss\u00f5es no \u00e2mbito da UNFCCC [Conven\u00e7\u00e3o-Quadro das Na\u00e7\u00f5es Unidas sobre a Mudan\u00e7a do Clima], em vez de lan\u00e7ar iniciativas redundantes, com montantes que ficam muito aqu\u00e9m dos seus compromissos internacionais, e com insinua\u00e7\u00f5es amb\u00edguas quanto ao princ\u00edpio da soberania nacional.&#8221;<\/p>\n\n\n\n<p>O Itamaraty conclui a nota afirmando que o Brasil est\u00e1 pronto para avan\u00e7ar \u201csoberanamente, em conson\u00e2ncia com os instrumentos internacionais de que somos parte e nossa pr\u00f3pria pol\u00edtica ambiental, na implementa\u00e7\u00e3o de a\u00e7\u00f5es concretas de combate ao desmatamento e \u00e0 degrada\u00e7\u00e3o de florestas, particularmente na Amaz\u00f4nia\u201d.<\/p>\n","protected":false},"excerpt":{"rendered":"<p>Em nota dilvulgada na noite dessa segunda-feira (26), o&nbsp;Minist\u00e9rio das Rela\u00e7\u00f5es Exteriores diz que pa\u00edses ricos descumpriram acordos que estabeleceram mecanismos de financiamento \u00e0s atividades&hellip; <\/p>\n","protected":false},"author":1,"featured_media":112140,"comment_status":"closed","ping_status":"closed","sticky":false,"template":"","format":"standard","meta":{"sfsi_plus_gutenberg_text_before_share":"","sfsi_plus_gutenberg_show_text_before_share":"","sfsi_plus_gutenberg_icon_type":"","sfsi_plus_gutenberg_icon_alignemt":"","sfsi_plus_gutenburg_max_per_row":"","footnotes":""},"categories":[2],"tags":[],"class_list":["post-112139","post","type-post","status-publish","format-standard","has-post-thumbnail","hentry","category-geral"],"_links":{"self":[{"href":"https:\/\/www.caririemacao.com\/1\/wp-json\/wp\/v2\/posts\/112139","targetHints":{"allow":["GET"]}}],"collection":[{"href":"https:\/\/www.caririemacao.com\/1\/wp-json\/wp\/v2\/posts"}],"about":[{"href":"https:\/\/www.caririemacao.com\/1\/wp-json\/wp\/v2\/types\/post"}],"author":[{"embeddable":true,"href":"https:\/\/www.caririemacao.com\/1\/wp-json\/wp\/v2\/users\/1"}],"replies":[{"embeddable":true,"href":"https:\/\/www.caririemacao.com\/1\/wp-json\/wp\/v2\/comments?post=112139"}],"version-history":[{"count":1,"href":"https:\/\/www.caririemacao.com\/1\/wp-json\/wp\/v2\/posts\/112139\/revisions"}],"predecessor-version":[{"id":112141,"href":"https:\/\/www.caririemacao.com\/1\/wp-json\/wp\/v2\/posts\/112139\/revisions\/112141"}],"wp:featuredmedia":[{"embeddable":true,"href":"https:\/\/www.caririemacao.com\/1\/wp-json\/wp\/v2\/media\/112140"}],"wp:attachment":[{"href":"https:\/\/www.caririemacao.com\/1\/wp-json\/wp\/v2\/media?parent=112139"}],"wp:term":[{"taxonomy":"category","embeddable":true,"href":"https:\/\/www.caririemacao.com\/1\/wp-json\/wp\/v2\/categories?post=112139"},{"taxonomy":"post_tag","embeddable":true,"href":"https:\/\/www.caririemacao.com\/1\/wp-json\/wp\/v2\/tags?post=112139"}],"curies":[{"name":"wp","href":"https:\/\/api.w.org\/{rel}","templated":true}]}}