{"id":112157,"date":"2019-08-27T13:44:41","date_gmt":"2019-08-27T16:44:41","guid":{"rendered":"http:\/\/www.caririemacao.com\/1\/?p=112157"},"modified":"2019-08-27T13:44:41","modified_gmt":"2019-08-27T16:44:41","slug":"filme-a-vida-invisivel-e-indicado-pelo-brasil-para-concorrer-ao-oscar","status":"publish","type":"post","link":"https:\/\/www.caririemacao.com\/1\/2019\/08\/27\/filme-a-vida-invisivel-e-indicado-pelo-brasil-para-concorrer-ao-oscar\/","title":{"rendered":"Filme A Vida Invis\u00edvel \u00e9 indicado pelo Brasil para concorrer ao Oscar"},"content":{"rendered":"\n<p>&nbsp;filme A Vida Invis\u00edvel, do diretor Karim A\u00cfnouz, desbancou outros 11 filmes e foi escolhido&nbsp;hoje&nbsp;(27) representante do Brasil na corrida ao Oscar. O an\u00fancio foi feito pela Academia Brasileira de Cinema. O filme vai concorrer a uma vaga entre os cinco indicados ao Oscar de melhor filme estrangeiro do pr\u00f3ximo ano.<\/p>\n\n\n\n<p>O filme \u00e9 baseado no livro A Vida Invis\u00edvel de Eur\u00eddice Gusm\u00e3o, de Martha Batalha, e conta a hist\u00f3ria das irm\u00e3s Gusm\u00e3o, Eur\u00eddice e Guida. Eur\u00eddice \u00e9 uma jovem talentosa e introvertida. Guida \u00e9 o oposto de seu temperamento em rela\u00e7\u00e3o ao conv\u00edvio social. Ambas vivem em um r\u00edgido regime patriarcal, o que faz com que trilhem caminhos distintos: Guida decide fugir de casa com o namorado, enquanto Eur\u00eddice se esfor\u00e7a para se tornar uma musicista, ao mesmo tempo em que precisa lidar com as responsabilidades da vida adulta e um casamento sem amor. O filme estreia nos cinemas brasileiros no dia&nbsp;31 de outubro.<\/p>\n\n\n\n<p>Fernanda Montenegro e Carol Duarte dividem o papel de Eur\u00eddice, enquanto Julia Stockler interpreta Guida.<\/p>\n\n\n\n<p>A \u00faltima vez que o Brasil concorreu nessa categoria foi em 1999, com Central do Brasil, de Walter Salles, filme que tamb\u00e9m contava com a participa\u00e7\u00e3o da atriz Fernanda Montenegro, que&nbsp;foi inclusive indicada&nbsp;ao Oscar de melhor atriz naquele ano.<\/p>\n\n\n\n<p>A Vida Invis\u00edvel&nbsp;foi selecionado por uma comiss\u00e3o formada pela Academia Brasileira de Cinema, composta, entre outros, pelos cineastas Anna Muylaert e Zelito Viana; o idealizador do festival \u00c9 Tudo Verdade, Amir Labaki; e a diretora de programa\u00e7\u00e3o do festival do Festival do Rio, Ilda Santiago; entre outros.<\/p>\n\n\n\n<p>O an\u00fancio dos filmes estrangeiros finalistas ao Oscar ser\u00e1 no dia&nbsp;13 de janeiro. A cerim\u00f4nia do Oscar est\u00e1 agendada para o dia&nbsp;9 de fevereiro.<\/p>\n","protected":false},"excerpt":{"rendered":"<p>&nbsp;filme A Vida Invis\u00edvel, do diretor Karim A\u00cfnouz, desbancou outros 11 filmes e foi escolhido&nbsp;hoje&nbsp;(27) representante do Brasil na corrida ao Oscar. O an\u00fancio foi&hellip; <\/p>\n","protected":false},"author":1,"featured_media":112158,"comment_status":"closed","ping_status":"closed","sticky":false,"template":"","format":"standard","meta":{"sfsi_plus_gutenberg_text_before_share":"","sfsi_plus_gutenberg_show_text_before_share":"","sfsi_plus_gutenberg_icon_type":"","sfsi_plus_gutenberg_icon_alignemt":"","sfsi_plus_gutenburg_max_per_row":"","footnotes":""},"categories":[2],"tags":[],"class_list":["post-112157","post","type-post","status-publish","format-standard","has-post-thumbnail","hentry","category-geral"],"_links":{"self":[{"href":"https:\/\/www.caririemacao.com\/1\/wp-json\/wp\/v2\/posts\/112157","targetHints":{"allow":["GET"]}}],"collection":[{"href":"https:\/\/www.caririemacao.com\/1\/wp-json\/wp\/v2\/posts"}],"about":[{"href":"https:\/\/www.caririemacao.com\/1\/wp-json\/wp\/v2\/types\/post"}],"author":[{"embeddable":true,"href":"https:\/\/www.caririemacao.com\/1\/wp-json\/wp\/v2\/users\/1"}],"replies":[{"embeddable":true,"href":"https:\/\/www.caririemacao.com\/1\/wp-json\/wp\/v2\/comments?post=112157"}],"version-history":[{"count":1,"href":"https:\/\/www.caririemacao.com\/1\/wp-json\/wp\/v2\/posts\/112157\/revisions"}],"predecessor-version":[{"id":112159,"href":"https:\/\/www.caririemacao.com\/1\/wp-json\/wp\/v2\/posts\/112157\/revisions\/112159"}],"wp:featuredmedia":[{"embeddable":true,"href":"https:\/\/www.caririemacao.com\/1\/wp-json\/wp\/v2\/media\/112158"}],"wp:attachment":[{"href":"https:\/\/www.caririemacao.com\/1\/wp-json\/wp\/v2\/media?parent=112157"}],"wp:term":[{"taxonomy":"category","embeddable":true,"href":"https:\/\/www.caririemacao.com\/1\/wp-json\/wp\/v2\/categories?post=112157"},{"taxonomy":"post_tag","embeddable":true,"href":"https:\/\/www.caririemacao.com\/1\/wp-json\/wp\/v2\/tags?post=112157"}],"curies":[{"name":"wp","href":"https:\/\/api.w.org\/{rel}","templated":true}]}}