{"id":112167,"date":"2019-08-27T13:56:46","date_gmt":"2019-08-27T16:56:46","guid":{"rendered":"http:\/\/www.caririemacao.com\/1\/?p=112167"},"modified":"2019-08-27T13:56:46","modified_gmt":"2019-08-27T16:56:46","slug":"fatima-bernardes-elogia-brigitte-macron-e-internautas-apontam-indireta-a-bolsonaro","status":"publish","type":"post","link":"https:\/\/www.caririemacao.com\/1\/2019\/08\/27\/fatima-bernardes-elogia-brigitte-macron-e-internautas-apontam-indireta-a-bolsonaro\/","title":{"rendered":"F\u00e1tima Bernardes elogia Brigitte Macron e internautas apontam indireta a Bolsonaro"},"content":{"rendered":"\n<p>Em meio \u00e0 pol\u00eamica sobre a atitude de Jair Bolsonaro, que zombou da mulher do presidente da Fran\u00e7a, Brigitte Macron, a apresentadora F\u00e1tima Bernardes, 56, publicou nesta segunda-feira (26)&nbsp;em suas redes sociais elogios \u00e0 primeira-dama francesa.<\/p>\n\n\n\n<p>A jornalista da Globo postou em seu Instagram&nbsp;a imagem da capa do livro \u201cBrigitte Macron: L\u2019Affranchie\u201d, escrito por Ma\u00eblle&nbsp;Brun.<\/p>\n\n\n\n<p>Na legenda, escreveu:&nbsp;\u201cQue ela \u00e9 inteligente, elegante, corajosa e vinte e cinco anos mais velha que o marido, o presidente da Fran\u00e7a Emmanuel Macron, eu j\u00e1 sabia. Mas nesse livro a autora se prop\u00f5e a mostrar a mulher por tr\u00e1s das apar\u00eancias. Acabei de come\u00e7ar a ler. Acho que vou gostar.\u201d<\/p>\n\n\n\n<p>Assim como Brigitte, F\u00e1tima \u00e9 25 anos mais velha que o seu namorado, o deputado federal T\u00falio Gad\u00ealha&nbsp;(PDT).<\/p>\n\n\n\n<p>Seguidores de F\u00e1tima Bernardes viram na publica\u00e7\u00e3o uma indireta da apresentadora a Bolsonaro.&nbsp;&nbsp;\u201cAh F\u00e1tima elegante at\u00e9 pra mandar indireta\u201d, escreveu uma delas. \u201cN\u00e3o teria a classe de F\u00e1tima para esculhambar o Bozo&nbsp;Kkkkkkkkkkkk\u201d (sic), comentou outro.<\/p>\n\n\n\n<p>O presidente brasileiro est\u00e1 em meio a uma guerra diplom\u00e1tica com o presidente franc\u00eas em fun\u00e7\u00e3o dos recentes&nbsp;inc\u00eandios na Amaz\u00f4nia.<\/p>\n\n\n\n<p>No \u00faltimo s\u00e1bado (24), ao comentar um post do mandat\u00e1rio brasileiro em sua p\u00e1gina no Facebook, o seguidor Rodrigo Andrea\u00e7a escreveu \u201c\u00c9 inveja presidente do macron pode cr\u00ea\u201d (sic), postando tamb\u00e9m uma imagem.<\/p>\n\n\n\n<p>Na&nbsp;gravura se&nbsp;v\u00ea uma foto de&nbsp;Bolsonaro&nbsp;e de sua esposa,&nbsp;Michelle&nbsp;Bolsonaro, abaixo de um retrato de&nbsp;Macron&nbsp;e de&nbsp;sua mulher, Brigitte&nbsp;Macron. Ao lado das fotos dos casais, h\u00e1 os dizeres: \u201cEntende agora&nbsp;pq&nbsp;Macron&nbsp;persegue&nbsp;Bolsonaro?\u201d (sic).<\/p>\n\n\n\n<p>O perfil de&nbsp;Bolsonaro&nbsp;respondeu&nbsp;\u201cn\u00e3o humilha cara.&nbsp;Kkkkkkk\u201d (sic), dando a entender que as recentes cr\u00edticas de Macron ao presidente brasileiro seriam motivadas por inveja da esposa do brasileiro.<\/p>\n\n\n\n<p>Tamb\u00e9m nesta segunda-feira (26), a&nbsp;atriz e cantora&nbsp;Gretchen, 60, pediu desculpas&nbsp;ao presidente franc\u00eas&nbsp;pela atitude do mandat\u00e1rio brasileiro.<\/p>\n\n\n\n<p>\u201cPerd\u00e3o, presidente Emmanuel Macron. Brigitte Macron \u00e9 uma mulher maravilhosa e inspiradora como voc\u00ea. Eu a admiro e amo muito a sua hist\u00f3ria\u201d, publicou Gretchen, em franc\u00eas, no Twitter.<\/p>\n","protected":false},"excerpt":{"rendered":"<p>Em meio \u00e0 pol\u00eamica sobre a atitude de Jair Bolsonaro, que zombou da mulher do presidente da Fran\u00e7a, Brigitte Macron, a apresentadora F\u00e1tima Bernardes, 56,&hellip; <\/p>\n","protected":false},"author":1,"featured_media":112168,"comment_status":"closed","ping_status":"closed","sticky":false,"template":"","format":"standard","meta":{"sfsi_plus_gutenberg_text_before_share":"","sfsi_plus_gutenberg_show_text_before_share":"","sfsi_plus_gutenberg_icon_type":"","sfsi_plus_gutenberg_icon_alignemt":"","sfsi_plus_gutenburg_max_per_row":"","footnotes":""},"categories":[2],"tags":[],"class_list":["post-112167","post","type-post","status-publish","format-standard","has-post-thumbnail","hentry","category-geral"],"_links":{"self":[{"href":"https:\/\/www.caririemacao.com\/1\/wp-json\/wp\/v2\/posts\/112167","targetHints":{"allow":["GET"]}}],"collection":[{"href":"https:\/\/www.caririemacao.com\/1\/wp-json\/wp\/v2\/posts"}],"about":[{"href":"https:\/\/www.caririemacao.com\/1\/wp-json\/wp\/v2\/types\/post"}],"author":[{"embeddable":true,"href":"https:\/\/www.caririemacao.com\/1\/wp-json\/wp\/v2\/users\/1"}],"replies":[{"embeddable":true,"href":"https:\/\/www.caririemacao.com\/1\/wp-json\/wp\/v2\/comments?post=112167"}],"version-history":[{"count":1,"href":"https:\/\/www.caririemacao.com\/1\/wp-json\/wp\/v2\/posts\/112167\/revisions"}],"predecessor-version":[{"id":112169,"href":"https:\/\/www.caririemacao.com\/1\/wp-json\/wp\/v2\/posts\/112167\/revisions\/112169"}],"wp:featuredmedia":[{"embeddable":true,"href":"https:\/\/www.caririemacao.com\/1\/wp-json\/wp\/v2\/media\/112168"}],"wp:attachment":[{"href":"https:\/\/www.caririemacao.com\/1\/wp-json\/wp\/v2\/media?parent=112167"}],"wp:term":[{"taxonomy":"category","embeddable":true,"href":"https:\/\/www.caririemacao.com\/1\/wp-json\/wp\/v2\/categories?post=112167"},{"taxonomy":"post_tag","embeddable":true,"href":"https:\/\/www.caririemacao.com\/1\/wp-json\/wp\/v2\/tags?post=112167"}],"curies":[{"name":"wp","href":"https:\/\/api.w.org\/{rel}","templated":true}]}}