{"id":112173,"date":"2019-08-27T14:03:16","date_gmt":"2019-08-27T17:03:16","guid":{"rendered":"http:\/\/www.caririemacao.com\/1\/?p=112173"},"modified":"2019-08-27T14:03:16","modified_gmt":"2019-08-27T17:03:16","slug":"mp-recomenda-que-prefeitura-e-camara-de-sume-regulamentem-servico-de-mototaxi","status":"publish","type":"post","link":"https:\/\/www.caririemacao.com\/1\/2019\/08\/27\/mp-recomenda-que-prefeitura-e-camara-de-sume-regulamentem-servico-de-mototaxi\/","title":{"rendered":"MP recomenda que Prefeitura e C\u00e2mara de Sum\u00e9 regulamentem servi\u00e7o de motot\u00e1xi"},"content":{"rendered":"\n<p>Est\u00e1 em tramita\u00e7\u00e3o na C\u00e2mara de Vereadores de Sum\u00e9, um Projeto de Lei que pode regularizar o servi\u00e7o de mototaxi no munic\u00edpio. Tudo come\u00e7ou quando os mototaxistas cadastrados entraram com uma representa\u00e7\u00e3o junto ao Minist\u00e9rio P\u00fablico para impedir a atua\u00e7\u00e3o dos profissionais clandestinos.<\/p>\n\n\n\n<p><a href=\"http:\/\/noticiasemdestaque.com\/cd\/wp-content\/uploads\/2019\/08\/ABAIXO-ASSINADO-MOTOTAXISTAS-PARA-MP16082019.pdf\">ABAIXO ASSINADO MOTOTAXISTAS PARA MP16082019<\/a><\/p>\n\n\n\n<p>De acordo com a solicita\u00e7\u00e3o apresentada pela classe, existem mototaxistas trabalhando no munic\u00edpio de forma irregular e desta forma queriam uma atitude do Minist\u00e9rio P\u00fablico.<\/p>\n\n\n\n<p>Essa informa\u00e7\u00e3o foi confirmada pelo representante do MP de Sum\u00e9, Bruno Leonardo Lins. Em entrevista \u00e0 R\u00e1dio 95 FM, ele informou que como o munic\u00edpio n\u00e3o tinha nenhuma regulamenta\u00e7\u00e3o, seria necess\u00e1rio criar uma Lei Municipal. &nbsp;\u201cConvocamos o representante do munic\u00edpio e solicitamos a cria\u00e7\u00e3o e aprova\u00e7\u00e3o dessa lei no \u00e2mbito do Legislativo\u201d, declarou.<\/p>\n\n\n\n<p>O promotor de justi\u00e7a informou ainda, que quando aprovada, cabe \u00e0 Prefeitura fiscalizar o cumprimento da nova Lei, que poder\u00e1 contar com a ajuda do MP. Segundo o promotor, as medidas solicitadas visam garantir a seguran\u00e7a da popula\u00e7\u00e3o que usa os servi\u00e7os.<\/p>\n\n\n\n<p>Ou\u00e7a a declara\u00e7\u00e3o:Tocador de \u00e1udio00:0000:00<\/p>\n\n\n\n<p>Alguns pontos de destaque do projeto diz respeito \u00e0 obrigatoriedade do uso de capacete, habilita\u00e7\u00e3o, documenta\u00e7\u00e3o da moto e proibi\u00e7\u00e3o de transportar crian\u00e7as menores de 7 anos em conson\u00e2ncia com o C\u00f3digo de Tr\u00e2nsito Nacional.<\/p>\n\n\n\n<p>O prefeito de Sum\u00e9, \u00c9den Duarte afirmou que o projeto j\u00e1 foi elaborado e encaminhado para a C\u00e2mara Municipal, levando em considera\u00e7\u00e3o a seguran\u00e7a dos sumeenses e cumprindo assim o que foi acordado com o MP.<\/p>\n","protected":false},"excerpt":{"rendered":"<p>Est\u00e1 em tramita\u00e7\u00e3o na C\u00e2mara de Vereadores de Sum\u00e9, um Projeto de Lei que pode regularizar o servi\u00e7o de mototaxi no munic\u00edpio. Tudo come\u00e7ou quando&hellip; <\/p>\n","protected":false},"author":1,"featured_media":90342,"comment_status":"closed","ping_status":"closed","sticky":false,"template":"","format":"standard","meta":{"sfsi_plus_gutenberg_text_before_share":"","sfsi_plus_gutenberg_show_text_before_share":"","sfsi_plus_gutenberg_icon_type":"","sfsi_plus_gutenberg_icon_alignemt":"","sfsi_plus_gutenburg_max_per_row":"","footnotes":""},"categories":[2],"tags":[],"class_list":["post-112173","post","type-post","status-publish","format-standard","has-post-thumbnail","hentry","category-geral"],"_links":{"self":[{"href":"https:\/\/www.caririemacao.com\/1\/wp-json\/wp\/v2\/posts\/112173","targetHints":{"allow":["GET"]}}],"collection":[{"href":"https:\/\/www.caririemacao.com\/1\/wp-json\/wp\/v2\/posts"}],"about":[{"href":"https:\/\/www.caririemacao.com\/1\/wp-json\/wp\/v2\/types\/post"}],"author":[{"embeddable":true,"href":"https:\/\/www.caririemacao.com\/1\/wp-json\/wp\/v2\/users\/1"}],"replies":[{"embeddable":true,"href":"https:\/\/www.caririemacao.com\/1\/wp-json\/wp\/v2\/comments?post=112173"}],"version-history":[{"count":1,"href":"https:\/\/www.caririemacao.com\/1\/wp-json\/wp\/v2\/posts\/112173\/revisions"}],"predecessor-version":[{"id":112175,"href":"https:\/\/www.caririemacao.com\/1\/wp-json\/wp\/v2\/posts\/112173\/revisions\/112175"}],"wp:featuredmedia":[{"embeddable":true,"href":"https:\/\/www.caririemacao.com\/1\/wp-json\/wp\/v2\/media\/90342"}],"wp:attachment":[{"href":"https:\/\/www.caririemacao.com\/1\/wp-json\/wp\/v2\/media?parent=112173"}],"wp:term":[{"taxonomy":"category","embeddable":true,"href":"https:\/\/www.caririemacao.com\/1\/wp-json\/wp\/v2\/categories?post=112173"},{"taxonomy":"post_tag","embeddable":true,"href":"https:\/\/www.caririemacao.com\/1\/wp-json\/wp\/v2\/tags?post=112173"}],"curies":[{"name":"wp","href":"https:\/\/api.w.org\/{rel}","templated":true}]}}