{"id":112185,"date":"2019-08-27T16:05:42","date_gmt":"2019-08-27T19:05:42","guid":{"rendered":"http:\/\/www.caririemacao.com\/1\/?p=112185"},"modified":"2019-08-27T16:05:42","modified_gmt":"2019-08-27T19:05:42","slug":"advogado-de-lula-entram-com-novo-pedido-de-habeas-corpus-no-stf","status":"publish","type":"post","link":"https:\/\/www.caririemacao.com\/1\/2019\/08\/27\/advogado-de-lula-entram-com-novo-pedido-de-habeas-corpus-no-stf\/","title":{"rendered":"Advogado de Lula entram com novo pedido de habeas corpus no STF"},"content":{"rendered":"\n<p>Os advogados do ex-presidente Lula apresentaram nesta ter\u00e7a-feira (27) ao STF (Supremo Tribunal Federal) uma peti\u00e7\u00e3o reiterando pedido de habeas corpus para que ele seja solto. O caso est\u00e1 com o ministro Edson Fachin.<\/p>\n\n\n\n<p>Os defensores juntaram ao pedido a reportagem publicada nesta ter\u00e7a pelo UOL, em parceria com o site The Intercept Brasil, que mostra procuradores da Opera\u00e7\u00e3o Lava Jato ironizando a morte da ex-primeira-dama Marisa Let\u00edcia.&nbsp;<\/p>\n\n\n\n<p>Eles debocham do comportamento do ex-presidente, tanto no vel\u00f3rio dela quanto no enterro do neto.&nbsp;Arthur, de 7 anos, morreu no come\u00e7o do ano, v\u00edtima de infec\u00e7\u00e3o generalizada causada por uma bact\u00e9ria.<\/p>\n\n\n\n<p>&#8220;Referidas mensagens mostram, em verdade, que a atua\u00e7\u00e3o dos procuradores da Rep\u00fablica em quest\u00e3o sempre foi norteada por \u00f3dio e desapre\u00e7o pessoal pelo paciente e pelos seus familiares&#8221;, afirma o advogado Cristiano Zanin.<\/p>\n\n\n\n<p>Tal \u00f3dio, diz ainda o defensor, torna os investigadores &#8220;absolutamente incapazes de cumprir com seus deveres de imparcialidade, impessoalidade e isen\u00e7\u00e3o garantidos pela legisla\u00e7\u00e3o p\u00e1tria e internacional&#8221;.<\/p>\n\n\n\n<p>Em uma das mensagens, a procuradora Laura Tessler diz, depois da morte de Marisa: &#8220;Quem for fazer a pr\u00f3xima audi\u00eancia do Lula, \u00e9 bom que v\u00e1 com uma dose extra de paci\u00eancia para a sess\u00e3o de vitimiza\u00e7\u00e3o&#8221;.<\/p>\n\n\n\n<p>J\u00e1 a procuradora Jerusa Viecili diz: &#8220;Querem que eu fique para o enterro?&#8221;.<\/p>\n\n\n\n<p>Eles ainda comentam o discurso de despedida de Lula no vel\u00f3rio de Marisa, em que ele diz esperar que os &#8220;fac\u00ednoras que fizeram isso contra ela [Marisa] tenham um dia a humildade de pedir desculpas&#8221;.<\/p>\n\n\n\n<p>&#8220;Bobagem total&#8230;. ningu\u00e9m mais d\u00e1 ouvidos a esse cara&#8221;, diz Deltan Dallagnol.<\/p>\n\n\n\n<p>A reportagem mostra ainda mensagens trocadas entre os procuradores quando Vav\u00e1, irm\u00e3o de Lula, morreu, no come\u00e7o deste ano.<\/p>\n\n\n\n<p>Um deles, Ant\u00f4nio Carlos Welter, pondera que Lula tem direito de ir ao enterro, como a lei prev\u00ea para qualquer preso. O procurador Januario Paludo responde: &#8220;O safado s\u00f3 queria passear e o Welter com pena&#8221;.<\/p>\n\n\n\n<p>Quando o neto de Lula morreu, a procuradora Jerusa Viecili comentou no grupo: &#8220;Preparem para nova novela ida ao vel\u00f3rio&#8221;.<\/p>\n","protected":false},"excerpt":{"rendered":"<p>Os advogados do ex-presidente Lula apresentaram nesta ter\u00e7a-feira (27) ao STF (Supremo Tribunal Federal) uma peti\u00e7\u00e3o reiterando pedido de habeas corpus para que ele seja&hellip; <\/p>\n","protected":false},"author":1,"featured_media":112186,"comment_status":"closed","ping_status":"closed","sticky":false,"template":"","format":"standard","meta":{"sfsi_plus_gutenberg_text_before_share":"","sfsi_plus_gutenberg_show_text_before_share":"","sfsi_plus_gutenberg_icon_type":"","sfsi_plus_gutenberg_icon_alignemt":"","sfsi_plus_gutenburg_max_per_row":"","footnotes":""},"categories":[2],"tags":[],"class_list":["post-112185","post","type-post","status-publish","format-standard","has-post-thumbnail","hentry","category-geral"],"_links":{"self":[{"href":"https:\/\/www.caririemacao.com\/1\/wp-json\/wp\/v2\/posts\/112185","targetHints":{"allow":["GET"]}}],"collection":[{"href":"https:\/\/www.caririemacao.com\/1\/wp-json\/wp\/v2\/posts"}],"about":[{"href":"https:\/\/www.caririemacao.com\/1\/wp-json\/wp\/v2\/types\/post"}],"author":[{"embeddable":true,"href":"https:\/\/www.caririemacao.com\/1\/wp-json\/wp\/v2\/users\/1"}],"replies":[{"embeddable":true,"href":"https:\/\/www.caririemacao.com\/1\/wp-json\/wp\/v2\/comments?post=112185"}],"version-history":[{"count":1,"href":"https:\/\/www.caririemacao.com\/1\/wp-json\/wp\/v2\/posts\/112185\/revisions"}],"predecessor-version":[{"id":112187,"href":"https:\/\/www.caririemacao.com\/1\/wp-json\/wp\/v2\/posts\/112185\/revisions\/112187"}],"wp:featuredmedia":[{"embeddable":true,"href":"https:\/\/www.caririemacao.com\/1\/wp-json\/wp\/v2\/media\/112186"}],"wp:attachment":[{"href":"https:\/\/www.caririemacao.com\/1\/wp-json\/wp\/v2\/media?parent=112185"}],"wp:term":[{"taxonomy":"category","embeddable":true,"href":"https:\/\/www.caririemacao.com\/1\/wp-json\/wp\/v2\/categories?post=112185"},{"taxonomy":"post_tag","embeddable":true,"href":"https:\/\/www.caririemacao.com\/1\/wp-json\/wp\/v2\/tags?post=112185"}],"curies":[{"name":"wp","href":"https:\/\/api.w.org\/{rel}","templated":true}]}}