{"id":112191,"date":"2019-08-27T16:08:53","date_gmt":"2019-08-27T19:08:53","guid":{"rendered":"http:\/\/www.caririemacao.com\/1\/?p=112191"},"modified":"2019-08-27T16:08:53","modified_gmt":"2019-08-27T19:08:53","slug":"brasil-e-potencia-em-agronegocio-e-meio-ambiente-diz-tereza-cristina","status":"publish","type":"post","link":"https:\/\/www.caririemacao.com\/1\/2019\/08\/27\/brasil-e-potencia-em-agronegocio-e-meio-ambiente-diz-tereza-cristina\/","title":{"rendered":"Brasil \u00e9 pot\u00eancia em agroneg\u00f3cio e meio ambiente, diz Tereza Cristina"},"content":{"rendered":"\n<p>A ministra da Agricultura, Tereza Cristina, defendeu hoje (27) a sustentabilidade ambiental da produ\u00e7\u00e3o agropecu\u00e1ria nacional. Segundo ela, o pa\u00eds tem conseguido usar cada vez menos recursos para criar gado e plantar alimentos. \u201cO Brasil \u00e9 uma grande pot\u00eancia de produ\u00e7\u00e3o de alimentos, mas tamb\u00e9m \u00e9 uma grande pot\u00eancia do meio ambiente. E n\u00f3s damos sustentabilidade a tudo aquilo que n\u00f3s produzimos\u201d, enfatizou ao discursar na abertura do Sal\u00e3o Internacional de Avicultura e Suinocultura.Para Tereza Cristina, o setor deve se manter firme na expans\u00e3o das suas atividades, apesar das cr\u00edticas que vem sofrendo,&nbsp;<a href=\"http:\/\/agenciabrasil.ebc.com.br\/geral\/noticia\/2019-08\/macron-atinge-imagem-do-brasil-ao-falar-sobre-amazonia-diz-ministra\">como as do governo franc\u00eas<\/a>. \u201cN\u00e3o \u00e9 porque poucos criam esses problemas, essas mazelas, que n\u00f3s vamos esmorecer\u201d, ressaltou.&nbsp;A ministra&nbsp;enfatizou ainda que o agroneg\u00f3cio brasileiro tem investido em tecnologia para aumentar a efici\u00eancia da produ\u00e7\u00e3o, diminuindo o consumo de terras e \u00e1gua. \u201cN\u00f3s vamos continuar trabalhando, produzindo, com tecnologia, cada vez usando menos \u00e1gua. O pasto brasileiro que produz a nossa carne, que \u00e9 exportada para mais de 100 pa\u00edses do mundo, cada vez reduz a \u00e1rea que n\u00f3s estamos produzindo, com efici\u00eancia\u201d, acrescentou.<br>Acordo com a EftaA despeito das cr\u00edticas internacionais, Tereza Cristina ressalta que&nbsp;os produtos brasileiros continuam ganhando espa\u00e7o no exterior. \u201cCom toda essa pol\u00eamica que n\u00f3s estamos vivendo essa semana, o Brasil fechou, sexta-feira passada, o acordo com o Efta [Associa\u00e7\u00e3o Europeia de Livre Com\u00e9rcio], onde n\u00f3s tamb\u00e9m vamos atingir mercados como a Su\u00ed\u00e7a, Isl\u00e2ndia, Liechtenstein, essa parte da Europa que n\u00e3o faz parte do bloco da Uni\u00e3o Europeia\u201d, destacou.Ap\u00f3s 10 rodadas de negocia\u00e7\u00f5es, iniciadas em 2017, o&nbsp;<a href=\"http:\/\/agenciabrasil.ebc.com.br\/economia\/noticia\/2019-08\/mercosul-concluiu-acordo-comercial-com-paises-do-efta-diz-bolsonaro\">Mercosul e a Associa\u00e7\u00e3o Europeia de Livre Com\u00e9rcio (Efta)<\/a>&nbsp;chegaram a um acordo comercial na \u00faltima sexta-feira (23). O texto ter\u00e1 de ser votado pelos parlamentos dos pa\u00edses-membros para entrar em vigor.Segundo o governo federal, com o acordo, o mercado brasileiro ter\u00e1 facilidade de acesso ao bloco formado por Su\u00ed\u00e7a, Noruega, Isl\u00e2ndia e Liechtenstein, que tem Produto Interno Bruto (PIB) de US$ 1,1 trilh\u00e3o e popula\u00e7\u00e3o de 14,3 milh\u00f5es de pessoas.<\/p>\n","protected":false},"excerpt":{"rendered":"<p>A ministra da Agricultura, Tereza Cristina, defendeu hoje (27) a sustentabilidade ambiental da produ\u00e7\u00e3o agropecu\u00e1ria nacional. Segundo ela, o pa\u00eds tem conseguido usar cada vez&hellip; <\/p>\n","protected":false},"author":1,"featured_media":112192,"comment_status":"closed","ping_status":"closed","sticky":false,"template":"","format":"standard","meta":{"sfsi_plus_gutenberg_text_before_share":"","sfsi_plus_gutenberg_show_text_before_share":"","sfsi_plus_gutenberg_icon_type":"","sfsi_plus_gutenberg_icon_alignemt":"","sfsi_plus_gutenburg_max_per_row":"","footnotes":""},"categories":[2],"tags":[],"class_list":["post-112191","post","type-post","status-publish","format-standard","has-post-thumbnail","hentry","category-geral"],"_links":{"self":[{"href":"https:\/\/www.caririemacao.com\/1\/wp-json\/wp\/v2\/posts\/112191","targetHints":{"allow":["GET"]}}],"collection":[{"href":"https:\/\/www.caririemacao.com\/1\/wp-json\/wp\/v2\/posts"}],"about":[{"href":"https:\/\/www.caririemacao.com\/1\/wp-json\/wp\/v2\/types\/post"}],"author":[{"embeddable":true,"href":"https:\/\/www.caririemacao.com\/1\/wp-json\/wp\/v2\/users\/1"}],"replies":[{"embeddable":true,"href":"https:\/\/www.caririemacao.com\/1\/wp-json\/wp\/v2\/comments?post=112191"}],"version-history":[{"count":1,"href":"https:\/\/www.caririemacao.com\/1\/wp-json\/wp\/v2\/posts\/112191\/revisions"}],"predecessor-version":[{"id":112193,"href":"https:\/\/www.caririemacao.com\/1\/wp-json\/wp\/v2\/posts\/112191\/revisions\/112193"}],"wp:featuredmedia":[{"embeddable":true,"href":"https:\/\/www.caririemacao.com\/1\/wp-json\/wp\/v2\/media\/112192"}],"wp:attachment":[{"href":"https:\/\/www.caririemacao.com\/1\/wp-json\/wp\/v2\/media?parent=112191"}],"wp:term":[{"taxonomy":"category","embeddable":true,"href":"https:\/\/www.caririemacao.com\/1\/wp-json\/wp\/v2\/categories?post=112191"},{"taxonomy":"post_tag","embeddable":true,"href":"https:\/\/www.caririemacao.com\/1\/wp-json\/wp\/v2\/tags?post=112191"}],"curies":[{"name":"wp","href":"https:\/\/api.w.org\/{rel}","templated":true}]}}