{"id":112198,"date":"2019-08-27T16:59:22","date_gmt":"2019-08-27T19:59:22","guid":{"rendered":"http:\/\/www.caririemacao.com\/1\/?p=112198"},"modified":"2019-08-27T16:59:22","modified_gmt":"2019-08-27T19:59:22","slug":"policia-captura-homem-que-arrombou-e-levou-ventilador-da-delegacia-de-caraubas","status":"publish","type":"post","link":"https:\/\/www.caririemacao.com\/1\/2019\/08\/27\/policia-captura-homem-que-arrombou-e-levou-ventilador-da-delegacia-de-caraubas\/","title":{"rendered":"Pol\u00edcia captura homem que arrombou e levou ventilador da delegacia de Cara\u00fabas"},"content":{"rendered":"\n<p>Na manh\u00e3 desta quarta-feira (27) Policiais Civis da Delegacia de Cara\u00fabas, com apoio dos Policiais Militares do Destacamento da cidade, ap\u00f3s trabalho de investiga\u00e7\u00e3o, conseguiram identificar e localizar o respons\u00e1vel pelo arrombamento ao Posto de Apoio Policial daquela cidade, fato ocorrido no \u00faltimo dia 05 de agosto. Na ocasi\u00e3o tamb\u00e9m foi subtra\u00eddo um ventilador.<\/p>\n\n\n\n<p>De acordo com a Pol\u00edcia, o homem identificado como Jose Ricardo de Lima da Costa Muniz, alega que violou a porta da unidade policial, ap\u00f3s ter ingerido bebidas alco\u00f3licas na companhia de amigos na resid\u00eancia de sua genitora.<\/p>\n\n\n\n<p>O ventilador foi recuperado pelos policiais, que est\u00e3o diligenciando no sentido de confirmar ou n\u00e3o a participa\u00e7\u00e3o de um segundo envolvido. De acordo com a pol\u00edcia, \u201cRICARDINHO\u201d agora estar\u00e1 sendo indiciado pelo crime de Furto Qualificado.<\/p>\n\n\n\n<p>O pr\u00e9dio pertence a Prefeitura Municipal de Cara\u00fabas e serve como Sede do Destacamento local da Pol\u00edcia Militar, e de apoio tamb\u00e9m \u00e0 PC.<\/p>\n\n\n\n<p>O trabalho logrou \u00eaxito gra\u00e7as a colabora\u00e7\u00e3o e participa\u00e7\u00e3o da popula\u00e7\u00e3o, atrav\u00e9s de informa\u00e7\u00f5es relevantes que foram repassadas.<\/p>\n\n\n\n<p>A Pol\u00edcia Civil disponibiliza canais para que a popula\u00e7\u00e3o colabore, para elucida\u00e7\u00e3o e den\u00fancia sobre qualquer crime pass\u00edvel de apura\u00e7\u00e3o, atrav\u00e9s do Disk Den\u00fancia pelo n\u00famero 197, sendo assegurado o sigilo da fonte e preservado o anonimato.<\/p>\n\n\n\n<p><em>Com Para\u00edba Mix<\/em><\/p>\n","protected":false},"excerpt":{"rendered":"<p>Na manh\u00e3 desta quarta-feira (27) Policiais Civis da Delegacia de Cara\u00fabas, com apoio dos Policiais Militares do Destacamento da cidade, ap\u00f3s trabalho de investiga\u00e7\u00e3o, conseguiram&hellip; <\/p>\n","protected":false},"author":1,"featured_media":112199,"comment_status":"closed","ping_status":"closed","sticky":false,"template":"","format":"standard","meta":{"sfsi_plus_gutenberg_text_before_share":"","sfsi_plus_gutenberg_show_text_before_share":"","sfsi_plus_gutenberg_icon_type":"","sfsi_plus_gutenberg_icon_alignemt":"","sfsi_plus_gutenburg_max_per_row":"","footnotes":""},"categories":[50,12],"tags":[],"class_list":["post-112198","post","type-post","status-publish","format-standard","has-post-thumbnail","hentry","category-destaque","category-policia"],"_links":{"self":[{"href":"https:\/\/www.caririemacao.com\/1\/wp-json\/wp\/v2\/posts\/112198","targetHints":{"allow":["GET"]}}],"collection":[{"href":"https:\/\/www.caririemacao.com\/1\/wp-json\/wp\/v2\/posts"}],"about":[{"href":"https:\/\/www.caririemacao.com\/1\/wp-json\/wp\/v2\/types\/post"}],"author":[{"embeddable":true,"href":"https:\/\/www.caririemacao.com\/1\/wp-json\/wp\/v2\/users\/1"}],"replies":[{"embeddable":true,"href":"https:\/\/www.caririemacao.com\/1\/wp-json\/wp\/v2\/comments?post=112198"}],"version-history":[{"count":1,"href":"https:\/\/www.caririemacao.com\/1\/wp-json\/wp\/v2\/posts\/112198\/revisions"}],"predecessor-version":[{"id":112200,"href":"https:\/\/www.caririemacao.com\/1\/wp-json\/wp\/v2\/posts\/112198\/revisions\/112200"}],"wp:featuredmedia":[{"embeddable":true,"href":"https:\/\/www.caririemacao.com\/1\/wp-json\/wp\/v2\/media\/112199"}],"wp:attachment":[{"href":"https:\/\/www.caririemacao.com\/1\/wp-json\/wp\/v2\/media?parent=112198"}],"wp:term":[{"taxonomy":"category","embeddable":true,"href":"https:\/\/www.caririemacao.com\/1\/wp-json\/wp\/v2\/categories?post=112198"},{"taxonomy":"post_tag","embeddable":true,"href":"https:\/\/www.caririemacao.com\/1\/wp-json\/wp\/v2\/tags?post=112198"}],"curies":[{"name":"wp","href":"https:\/\/api.w.org\/{rel}","templated":true}]}}